{"id":3271,"date":"2025-09-25T09:15:35","date_gmt":"2025-09-25T08:15:35","guid":{"rendered":"https:\/\/association360.ch\/homoparents\/?p=3271"},"modified":"2025-09-25T09:15:36","modified_gmt":"2025-09-25T08:15:36","slug":"sondage-familles-queer-en-suisse-partagez-vos-experiences%ef%bf%bc","status":"publish","type":"post","link":"https:\/\/association360.ch\/homoparents\/2025\/09\/25\/sondage-familles-queer-en-suisse-partagez-vos-experiences%ef%bf%bc\/","title":{"rendered":"Sondage: \u00abFamilles queer en Suisse\u00bb \u2013 Partagez vos exp\u00e9riences!\ufffc"},"content":{"rendered":"\n<p>Un&nbsp;<a href=\"https:\/\/queerefamilien-forschung.ch\/projet-de-recherche-parentalite-lgbtqia\/\" target=\"_blank\" rel=\"noreferrer noopener\">projet<\/a>&nbsp;de recherche \u00e0 l\u2019Universit\u00e9 de Lucerne m\u00e8ne actuellement une enqu\u00eate sur les familles queer en Suisse. L\u2019objectif est de mieux comprendre comment se forment les familles queer, comment elles vivent leur quotidien et quels sont leurs besoins.&nbsp;<\/p>\n\n\n\n<p>Tous\u00b7tes les&nbsp;<strong>parent\u00b7x queer, les familles arc-en-ciel ainsi que les personnes LGBTQIA+<\/strong>&nbsp;majeures ayant un d\u00e9sir d\u2019enfant peuvent participer.&nbsp;Les r\u00e9sultats seront publi\u00e9s dans un rapport de recherche et contribueront \u00e0 r\u00e9duire la discrimination envers les familles queer. Voici le lien vers le&nbsp;<a href=\"https:\/\/uniluzern.eu.qualtrics.com\/jfe\/form\/SV_6Mz76uqAqiw3Hn0?Q_CHL=qr\" target=\"_blank\" rel=\"noreferrer noopener\">sondage<\/a>.&nbsp;<\/p>\n\n\n\n<p>Le sondage est anonyme et dure entre 15 et 30 minutes selon la constellation familiale. Il est disponible en allemand, fran\u00e7ais, italien et anglais.<\/p>\n\n\n\n<p>Plus d\u2019informations\u00a0<a rel=\"noreferrer noopener\" href=\"http:\/\/www.queerefamilien-forschung.ch\/\" target=\"_blank\">ici<\/a>.<\/p>\n\n\n\n<p><strong>Participez<\/strong>:\u00a0<a rel=\"noreferrer noopener\" href=\"https:\/\/uniluzern.eu.qualtrics.com\/jfe\/form\/SV_6Mz76uqAqiw3Hn0?Q_CHL=qr\" target=\"_blank\">https:\/\/uniluzern.eu.qualtrics.com\/jfe\/form\/SV_6Mz76uqAqiw3Hn0?Q_CHL=qr<\/a><\/p>\n\n\n\n<figure class=\"wp-block-image size-large\"><img loading=\"lazy\" decoding=\"async\" width=\"726\" height=\"1024\" src=\"https:\/\/association360.ch\/homoparents\/wp-content\/uploads\/sites\/2\/2025\/09\/Queere-Familien-Forschung_FlyerA6_FR-726x1024.jpg\" alt=\"\" class=\"wp-image-3272\" srcset=\"https:\/\/association360.ch\/homoparents\/wp-content\/uploads\/sites\/2\/2025\/09\/Queere-Familien-Forschung_FlyerA6_FR-726x1024.jpg 726w, https:\/\/association360.ch\/homoparents\/wp-content\/uploads\/sites\/2\/2025\/09\/Queere-Familien-Forschung_FlyerA6_FR-213x300.jpg 213w, https:\/\/association360.ch\/homoparents\/wp-content\/uploads\/sites\/2\/2025\/09\/Queere-Familien-Forschung_FlyerA6_FR-768x1083.jpg 768w, https:\/\/association360.ch\/homoparents\/wp-content\/uploads\/sites\/2\/2025\/09\/Queere-Familien-Forschung_FlyerA6_FR-1090x1536.jpg 1090w, https:\/\/association360.ch\/homoparents\/wp-content\/uploads\/sites\/2\/2025\/09\/Queere-Familien-Forschung_FlyerA6_FR.jpg 1240w\" sizes=\"auto, (max-width: 726px) 100vw, 726px\" \/><\/figure>\n","protected":false},"excerpt":{"rendered":"<p>Un&nbsp;projet&nbsp;de recherche \u00e0 l\u2019Universit\u00e9 de Lucerne m\u00e8ne actuellement une enqu\u00eate sur les familles queer en Suisse. L\u2019objectif est de mieux comprendre comment se forment les familles queer, comment elles vivent leur quotidien et quels sont leurs besoins.&nbsp; Tous\u00b7tes les&nbsp;parent\u00b7x queer, les familles arc-en-ciel ainsi que les personnes LGBTQIA+&nbsp;majeures ayant un d\u00e9sir d\u2019enfant peuvent participer.&nbsp;Les r\u00e9sultats [&hellip;]<\/p>\n","protected":false},"author":324,"featured_media":3273,"comment_status":"closed","ping_status":"closed","sticky":false,"template":"","format":"standard","meta":{"_genesis_hide_title":false,"_genesis_hide_breadcrumbs":false,"_genesis_hide_singular_image":false,"_genesis_hide_footer_widgets":false,"_genesis_custom_body_class":"","_genesis_custom_post_class":"","_genesis_layout":"","footnotes":""},"categories":[1],"tags":[],"class_list":{"0":"post-3271","1":"post","2":"type-post","3":"status-publish","4":"format-standard","5":"has-post-thumbnail","7":"category-news","8":"entry"},"featured_image_src":"https:\/\/association360.ch\/homoparents\/wp-content\/uploads\/sites\/2\/2025\/09\/Queere-Familien-Forschung_FlyerA6_FR-1-600x400.jpg","featured_image_src_square":"https:\/\/association360.ch\/homoparents\/wp-content\/uploads\/sites\/2\/2025\/09\/Queere-Familien-Forschung_FlyerA6_FR-1-600x600.jpg","author_info":{"display_name":"Chatty","author_link":"https:\/\/association360.ch\/homoparents\/author\/chatty\/"},"jetpack_featured_media_url":"https:\/\/association360.ch\/homoparents\/wp-content\/uploads\/sites\/2\/2025\/09\/Queere-Familien-Forschung_FlyerA6_FR-1.jpg","_links":{"self":[{"href":"https:\/\/association360.ch\/homoparents\/wp-json\/wp\/v2\/posts\/3271","targetHints":{"allow":["GET"]}}],"collection":[{"href":"https:\/\/association360.ch\/homoparents\/wp-json\/wp\/v2\/posts"}],"about":[{"href":"https:\/\/association360.ch\/homoparents\/wp-json\/wp\/v2\/types\/post"}],"author":[{"embeddable":true,"href":"https:\/\/association360.ch\/homoparents\/wp-json\/wp\/v2\/users\/324"}],"replies":[{"embeddable":true,"href":"https:\/\/association360.ch\/homoparents\/wp-json\/wp\/v2\/comments?post=3271"}],"version-history":[{"count":1,"href":"https:\/\/association360.ch\/homoparents\/wp-json\/wp\/v2\/posts\/3271\/revisions"}],"predecessor-version":[{"id":3274,"href":"https:\/\/association360.ch\/homoparents\/wp-json\/wp\/v2\/posts\/3271\/revisions\/3274"}],"wp:featuredmedia":[{"embeddable":true,"href":"https:\/\/association360.ch\/homoparents\/wp-json\/wp\/v2\/media\/3273"}],"wp:attachment":[{"href":"https:\/\/association360.ch\/homoparents\/wp-json\/wp\/v2\/media?parent=3271"}],"wp:term":[{"taxonomy":"category","embeddable":true,"href":"https:\/\/association360.ch\/homoparents\/wp-json\/wp\/v2\/categories?post=3271"},{"taxonomy":"post_tag","embeddable":true,"href":"https:\/\/association360.ch\/homoparents\/wp-json\/wp\/v2\/tags?post=3271"}],"curies":[{"name":"wp","href":"https:\/\/api.w.org\/{rel}","templated":true}]}}