{"id":1763,"date":"2014-06-04T15:26:15","date_gmt":"2014-06-04T14:26:15","guid":{"rendered":"http:\/\/association360.ch\/trans\/?p=1763"},"modified":"2020-04-21T18:41:16","modified_gmt":"2020-04-21T17:41:16","slug":"laverne-cox-premiere-femme-trans-couverture-magazine-time","status":"publish","type":"post","link":"https:\/\/association360.ch\/trans\/laverne-cox-premiere-femme-trans-couverture-magazine-time\/","title":{"rendered":"Laverne Cox, la premi\u00e8re femme trans* en couverture du magazine Time"},"content":{"rendered":"<p>L&rsquo;actrice et activiste Laverne Cox est la premi\u00e8re femme trans* a faire la une du mois de juin 2014 du magazine de r\u00e9f\u00e9rence am\u00e9ricain, le Time. C&rsquo;est une avanc\u00e9e historique pour la visibilit\u00e9 des personnes trans*. Elle est devenue c\u00e9l\u00e8bre dans la s\u00e9rie am\u00e9ricaine \u00ab\u00a0Orange is the New Black\u00a0\u00bb, o\u00f9 elle joue une femme trans* incarc\u00e9r\u00e9e dans une prison de femmes. Elle est devenue une des plus fameuses personnalit\u00e9 trans* dans les m\u00e9dias, au c\u00f4t\u00e9s de l&rsquo;\u00e9crivaine Janet Mock. Laverne Cox se sert de sa notori\u00e9t\u00e9 pour militer pour la cause trans*. Elle d\u00e9nonce le harc\u00e8lement, la discrimination et les crimes de haine dont les personnes trans* sont encore trop souvent victimes, encore plus particuli\u00e8rement celles de couleur.<\/p>\n<p><img loading=\"lazy\" decoding=\"async\" class=\"alignnone size-large wp-image-1770\" alt=\"Laverne Cox - Couverture du Magazine Tme (Juin 2014)\" src=\"http:\/\/association360.ch\/trans\/wp-content\/uploads\/sites\/4\/2014\/06\/laverne-cox-time-cover-768x1024.jpg\" width=\"580\" height=\"773\" srcset=\"https:\/\/association360.ch\/trans\/wp-content\/uploads\/sites\/4\/2014\/06\/laverne-cox-time-cover-768x1024.jpg 768w, https:\/\/association360.ch\/trans\/wp-content\/uploads\/sites\/4\/2014\/06\/laverne-cox-time-cover-225x300.jpg 225w, https:\/\/association360.ch\/trans\/wp-content\/uploads\/sites\/4\/2014\/06\/laverne-cox-time-cover.jpg 1200w\" sizes=\"auto, (max-width: 580px) 100vw, 580px\" \/><\/p>\n<p>Voici quelques extraits de son interview:<\/p>\n<blockquote><p>Les gens veulent croire que\u00a0 ce sont les organes g\u00e9nitaux et la biologie qui fa\u00e7onnent la destin\u00e9e d&rsquo;une personne! Tout est bas\u00e9 sur un p\u00e9nis, soit la taille qu&rsquo;il a, et puis un vagin. Et c&rsquo;est cens\u00e9 dire toutes ces choses au sujet de qui sont les gens. Quand vous pensez \u00e0 \u00e7a, c&rsquo;est un peu ridicule. Les gens doivent \u00eatre pr\u00eats \u00e0 revoir ce qu&rsquo;ils pensent qu&rsquo;ils savent sur ce que \u00e7a signifie d&rsquo;\u00eatre un homme et d&rsquo;\u00eatre une femme. Les gens ne sont vraiment pas \u00e0 l&rsquo;aise avec ce sentiment d&rsquo;incertitude, ou ce changement.<\/p><\/blockquote>\n<blockquote><p>Nous vivons dans un monde incertain et nous voulons croire \u00e0 nos certitudes. Les gens ne veulent pas se remettre en question sur le monde qui les entoure. Chaque fois que j&rsquo;ai peur de quelque chose ou que je me sens menac\u00e9e par quelque chose, \u00e7a vient d&rsquo;une ins\u00e9curit\u00e9 personnelle. Je pense que la r\u00e9alit\u00e9 est que la plupart d&rsquo;entre nous ne sommes pas \u00e0 l&rsquo;aise avec notre propre genre. Ils pensent, \u00ab\u00a0Ok, s&rsquo;il y a cette personne trans* ici, alors moi qu&rsquo;est-ce que je suis ?\u00a0\u00bb Nous voulons juste rester dans un syst\u00e8me de croyance qui nous fait nous sentir en s\u00e9curit\u00e9, parce que nous sommes une culture intol\u00e9rante \u00e0 la vuln\u00e9rabilit\u00e9. Si nous sommes dans une position o\u00f9 nous devons remettre en question l&rsquo;id\u00e9e basique \u00ab\u00a0qu&rsquo;un homme a un p\u00e9nis et une femme a un vagin\u00a0\u00bb, alors nous nous sentons vuln\u00e9rables.<\/p><\/blockquote>\n<blockquote><p>Aujourd&rsquo;hui, de plus en plus de personnes trans* veulent ouvertement dire \u00ab\u00a0Voici qui je suis\u00a0\u00bb. Elles veulent raconter leur histoire. Plus d&rsquo;entre nous deviennent visibles, et les gens pourront dire, \u00ab\u00a0oui, je connais quelqu&rsquo;un qui est trans*\u00a0\u00bb. Les gens ont besoin de points de r\u00e9f\u00e9rences qui humanisent et d\u00e9mystifient la diff\u00e9rence. Les m\u00e9dias sociaux et internet ont jou\u00e9 une grande part dans ce processus, nous avons une voix que nous n&rsquo;avions pas avant. Nous pouvons \u00e9crire nos histoires et nous sommes capable de r\u00e9pondre aux m\u00e9dias.<\/p><\/blockquote>\n<p>Le mois dernier, Laverne Cox a \u00e9t\u00e9 \u00e9cart\u00e9e de la liste des 100 personnes les plus influentes de l&rsquo;ann\u00e9e du magazine Time, malgr\u00e9 le fait qu&rsquo;elle ait eu un des taux de vote les plus hauts dans les sondages en ligne. Cet \u00e9cart a \u00e9t\u00e9 consid\u00e9r\u00e9 comme le reflet de la longue histoire de l&rsquo;invisibilit\u00e9 de la communaut\u00e9 trans* dans les principaux m\u00e9dias. L&rsquo;absence de Laverne Cox dans cette liste a \u00e9t\u00e9 critiqu\u00e9e comme l&rsquo;\u00e9chec de notre soci\u00e9t\u00e9 \u00e0 reconnaitre les accomplissements et les efforts des personnes transgenres, et plus particuli\u00e8rement des femmes trans* de couleur.<\/p>\n<p>Le magazine n&rsquo;a pas fait de commentaire sur ces critiques, mais cela a probablement jou\u00e9 un r\u00f4le dans sa d\u00e9cision de mettre Laverne Cox en couverture avec un article qui concerne les droits trans* (Le Time dit que cet article \u00e9tait pr\u00e9vu depuis des mois).<\/p>\n","protected":false},"excerpt":{"rendered":"<p>L&rsquo;actrice et activiste Laverne Cox est la premi\u00e8re femme trans* a faire la une du mois de juin 2014 du magazine de r\u00e9f\u00e9rence am\u00e9ricain, le Time. C&rsquo;est une avanc\u00e9e historique pour la visibilit\u00e9 des personnes trans*. Elle est devenue c\u00e9l\u00e8bre dans la s\u00e9rie am\u00e9ricaine \u00ab\u00a0Orange is the New Black\u00a0\u00bb, o\u00f9 elle joue une femme trans* [&hellip;]<\/p>\n","protected":false},"author":324,"featured_media":1772,"comment_status":"open","ping_status":"closed","sticky":false,"template":"","format":"standard","meta":{"_genesis_hide_title":false,"_genesis_hide_breadcrumbs":false,"_genesis_hide_singular_image":false,"_genesis_hide_footer_widgets":false,"_genesis_custom_body_class":"","_genesis_custom_post_class":"","_genesis_layout":"","footnotes":""},"categories":[40,1,68],"tags":[1774,41],"class_list":{"0":"post-1763","1":"post","2":"type-post","3":"status-publish","4":"format-standard","5":"has-post-thumbnail","7":"category-medias","8":"category-news","9":"category-personalites","10":"tag-activisme","11":"tag-people","12":"entry"},"featured_image_src":"https:\/\/association360.ch\/trans\/wp-content\/uploads\/sites\/4\/2014\/06\/laverne-cox-time-cover-icon.jpg","featured_image_src_square":"https:\/\/association360.ch\/trans\/wp-content\/uploads\/sites\/4\/2014\/06\/laverne-cox-time-cover-icon.jpg","author_info":{"display_name":"Chatty","author_link":"https:\/\/association360.ch\/trans\/author\/chatty\/"},"jetpack_featured_media_url":"https:\/\/association360.ch\/trans\/wp-content\/uploads\/sites\/4\/2014\/06\/laverne-cox-time-cover-icon.jpg","_links":{"self":[{"href":"https:\/\/association360.ch\/trans\/wp-json\/wp\/v2\/posts\/1763","targetHints":{"allow":["GET"]}}],"collection":[{"href":"https:\/\/association360.ch\/trans\/wp-json\/wp\/v2\/posts"}],"about":[{"href":"https:\/\/association360.ch\/trans\/wp-json\/wp\/v2\/types\/post"}],"author":[{"embeddable":true,"href":"https:\/\/association360.ch\/trans\/wp-json\/wp\/v2\/users\/324"}],"replies":[{"embeddable":true,"href":"https:\/\/association360.ch\/trans\/wp-json\/wp\/v2\/comments?post=1763"}],"version-history":[{"count":10,"href":"https:\/\/association360.ch\/trans\/wp-json\/wp\/v2\/posts\/1763\/revisions"}],"predecessor-version":[{"id":1776,"href":"https:\/\/association360.ch\/trans\/wp-json\/wp\/v2\/posts\/1763\/revisions\/1776"}],"wp:featuredmedia":[{"embeddable":true,"href":"https:\/\/association360.ch\/trans\/wp-json\/wp\/v2\/media\/1772"}],"wp:attachment":[{"href":"https:\/\/association360.ch\/trans\/wp-json\/wp\/v2\/media?parent=1763"}],"wp:term":[{"taxonomy":"category","embeddable":true,"href":"https:\/\/association360.ch\/trans\/wp-json\/wp\/v2\/categories?post=1763"},{"taxonomy":"post_tag","embeddable":true,"href":"https:\/\/association360.ch\/trans\/wp-json\/wp\/v2\/tags?post=1763"}],"curies":[{"name":"wp","href":"https:\/\/api.w.org\/{rel}","templated":true}]}}