{"id":1959,"date":"2014-11-26T11:54:26","date_gmt":"2014-11-26T10:54:26","guid":{"rendered":"http:\/\/association360.ch\/trans\/?p=1959"},"modified":"2020-04-21T18:40:19","modified_gmt":"2020-04-21T17:40:19","slug":"photos-transgender-day-of-remembrance-2014","status":"publish","type":"post","link":"https:\/\/association360.ch\/trans\/photos-transgender-day-of-remembrance-2014\/","title":{"rendered":"Photos | Transgender Day of Remembrance 2014"},"content":{"rendered":"<p>En ce jeudi 20 novembre 2014, pour la journ\u00e9e internationale du Souvenir Trans* (TDoR), nous avons honor\u00e9 la m\u00e9moire des personnes trans* assassin\u00e9es dans le monde et manifest\u00e9 contre la transphobie sous toutes ses formes. Cette ann\u00e9e, 226 transcides (homicides de personnes trans*) ont \u00e9t\u00e9 recens\u00e9s par l&rsquo;organisation <a title=\"Transgender Europe\" href=\"http:\/\/www.tgeu.org\/\" target=\"_blank\" rel=\"noopener noreferrer\">Transgender Europe<\/a> et ses partenaires.<\/p>\n<p>Nous avons \u00e9num\u00e9r\u00e9 les noms, pays, et \u00e2ges de ces personnes, ainsi que pour certaines, les conditions particuli\u00e8rement inhumaines de ces meurtres, comprenant humiliations, mutilations et tortures. Pour chacune d&rsquo;entre elles, nous avons allum\u00e9 une bougie. Nous avons ensuite fait un Die-In: les participants et participantes se sont couch\u00e9es par terre en guise de soutien aux victimes et pour rappeler que la transphobie tue.<\/p>\n<p>La c\u00e9r\u00e9monie fut accompagn\u00e9e de quelques notes discr\u00e8tes jou\u00e9es \u00e0 la Guitare par <a title=\"NicoDIane\" href=\"https:\/\/mx3.ch\/nicodiane\" target=\"_blank\" rel=\"noopener noreferrer\">NicoDiane<\/a>, qui nous a ensuite gratifi\u00e9s d&rsquo;un concert particuli\u00e8rement \u00e9mouvant. Ses chansons aux airs m\u00e9lancoliques faisaient \u00e9tat de sa vie en tant que personne transidentitaire. Vous pouvez \u00e9couter et commander le Cd de NicoDiane ici: <a title=\"NicoDIane\" href=\"https:\/\/mx3.ch\/nicodiane\" target=\"_blank\" rel=\"noopener noreferrer\">https:\/\/mx3.ch\/nicodiane<\/a><\/p>\n<p>Nous avons fini la manifestation par un moment de convivialit\u00e9 et de partage aux Phare, lieu culte LGBT friendly \u00e0 Gen\u00e8ve, qui a g\u00e9n\u00e9reusement accueilli les manifestants en leur offrant du vin chaud et du th\u00e9. Nous remercions le Phare pour leur accueil des plus chaleureux.<\/p>\n<p>Voici la galerie des photos, prises par Irina Popa, que nous remercions tout particuli\u00e8rement.<\/p>\n<div id='gallery-2' class='gallery galleryid-1959 gallery-columns-3 gallery-size-thumbnail'><figure class='gallery-item'>\n\t\t\t<div class='gallery-icon landscape'>\n\t\t\t\t<a href='https:\/\/association360.ch\/trans\/photos-transgender-day-of-remembrance-2014\/dsc_0049\/'><img loading=\"lazy\" decoding=\"async\" width=\"150\" height=\"150\" src=\"https:\/\/association360.ch\/trans\/wp-content\/uploads\/sites\/4\/2014\/11\/DSC_0049-150x150.jpg\" class=\"attachment-thumbnail size-thumbnail\" alt=\"\" aria-describedby=\"gallery-2-1960\" \/><\/a>\n\t\t\t<\/div>\n\t\t\t\t<figcaption class='wp-caption-text gallery-caption' id='gallery-2-1960'>\n\t\t\t\tPhotos: Irina Popa\n\t\t\t\t<\/figcaption><\/figure><figure class='gallery-item'>\n\t\t\t<div class='gallery-icon landscape'>\n\t\t\t\t<a href='https:\/\/association360.ch\/trans\/photos-transgender-day-of-remembrance-2014\/dsc_0052\/'><img loading=\"lazy\" decoding=\"async\" width=\"150\" height=\"150\" src=\"https:\/\/association360.ch\/trans\/wp-content\/uploads\/sites\/4\/2014\/11\/DSC_0052-150x150.jpg\" class=\"attachment-thumbnail size-thumbnail\" alt=\"\" aria-describedby=\"gallery-2-1961\" \/><\/a>\n\t\t\t<\/div>\n\t\t\t\t<figcaption class='wp-caption-text gallery-caption' id='gallery-2-1961'>\n\t\t\t\tPhotos: Irina Popa\n\t\t\t\t<\/figcaption><\/figure><figure class='gallery-item'>\n\t\t\t<div class='gallery-icon landscape'>\n\t\t\t\t<a href='https:\/\/association360.ch\/trans\/photos-transgender-day-of-remembrance-2014\/dsc_0054\/'><img loading=\"lazy\" decoding=\"async\" width=\"150\" height=\"150\" src=\"https:\/\/association360.ch\/trans\/wp-content\/uploads\/sites\/4\/2014\/11\/DSC_0054-150x150.jpg\" class=\"attachment-thumbnail size-thumbnail\" alt=\"\" aria-describedby=\"gallery-2-1962\" \/><\/a>\n\t\t\t<\/div>\n\t\t\t\t<figcaption class='wp-caption-text gallery-caption' id='gallery-2-1962'>\n\t\t\t\tPhotos: Irina Popa\n\t\t\t\t<\/figcaption><\/figure><figure class='gallery-item'>\n\t\t\t<div class='gallery-icon landscape'>\n\t\t\t\t<a href='https:\/\/association360.ch\/trans\/photos-transgender-day-of-remembrance-2014\/dsc_0059\/'><img loading=\"lazy\" decoding=\"async\" width=\"150\" height=\"150\" src=\"https:\/\/association360.ch\/trans\/wp-content\/uploads\/sites\/4\/2014\/11\/DSC_0059-150x150.jpg\" class=\"attachment-thumbnail size-thumbnail\" alt=\"\" aria-describedby=\"gallery-2-1963\" \/><\/a>\n\t\t\t<\/div>\n\t\t\t\t<figcaption class='wp-caption-text gallery-caption' id='gallery-2-1963'>\n\t\t\t\tPhotos: Irina Popa\n\t\t\t\t<\/figcaption><\/figure><figure class='gallery-item'>\n\t\t\t<div class='gallery-icon portrait'>\n\t\t\t\t<a href='https:\/\/association360.ch\/trans\/photos-transgender-day-of-remembrance-2014\/dsc_0062_2\/'><img loading=\"lazy\" decoding=\"async\" width=\"150\" height=\"150\" src=\"https:\/\/association360.ch\/trans\/wp-content\/uploads\/sites\/4\/2014\/11\/DSC_0062_2-150x150.jpg\" class=\"attachment-thumbnail size-thumbnail\" alt=\"\" aria-describedby=\"gallery-2-1964\" \/><\/a>\n\t\t\t<\/div>\n\t\t\t\t<figcaption class='wp-caption-text gallery-caption' id='gallery-2-1964'>\n\t\t\t\tPhotos: Irina Popa\n\t\t\t\t<\/figcaption><\/figure><figure class='gallery-item'>\n\t\t\t<div class='gallery-icon portrait'>\n\t\t\t\t<a href='https:\/\/association360.ch\/trans\/photos-transgender-day-of-remembrance-2014\/dsc_0063_2\/'><img loading=\"lazy\" decoding=\"async\" width=\"150\" height=\"150\" src=\"https:\/\/association360.ch\/trans\/wp-content\/uploads\/sites\/4\/2014\/11\/DSC_0063_2-150x150.jpg\" class=\"attachment-thumbnail size-thumbnail\" alt=\"\" aria-describedby=\"gallery-2-1965\" \/><\/a>\n\t\t\t<\/div>\n\t\t\t\t<figcaption class='wp-caption-text gallery-caption' id='gallery-2-1965'>\n\t\t\t\tPhotos: Irina Popa\n\t\t\t\t<\/figcaption><\/figure><figure class='gallery-item'>\n\t\t\t<div class='gallery-icon landscape'>\n\t\t\t\t<a href='https:\/\/association360.ch\/trans\/photos-transgender-day-of-remembrance-2014\/dsc_0066\/'><img loading=\"lazy\" decoding=\"async\" width=\"150\" height=\"150\" src=\"https:\/\/association360.ch\/trans\/wp-content\/uploads\/sites\/4\/2014\/11\/DSC_0066-150x150.jpg\" class=\"attachment-thumbnail size-thumbnail\" alt=\"\" aria-describedby=\"gallery-2-1966\" \/><\/a>\n\t\t\t<\/div>\n\t\t\t\t<figcaption class='wp-caption-text gallery-caption' id='gallery-2-1966'>\n\t\t\t\tPhotos: Irina Popa\n\t\t\t\t<\/figcaption><\/figure><figure class='gallery-item'>\n\t\t\t<div class='gallery-icon landscape'>\n\t\t\t\t<a href='https:\/\/association360.ch\/trans\/photos-transgender-day-of-remembrance-2014\/dsc_0069\/'><img loading=\"lazy\" decoding=\"async\" width=\"150\" height=\"150\" src=\"https:\/\/association360.ch\/trans\/wp-content\/uploads\/sites\/4\/2014\/11\/DSC_0069-150x150.jpg\" class=\"attachment-thumbnail size-thumbnail\" alt=\"\" aria-describedby=\"gallery-2-1967\" \/><\/a>\n\t\t\t<\/div>\n\t\t\t\t<figcaption class='wp-caption-text gallery-caption' id='gallery-2-1967'>\n\t\t\t\tPhotos: Irina Popa\n\t\t\t\t<\/figcaption><\/figure><figure class='gallery-item'>\n\t\t\t<div class='gallery-icon landscape'>\n\t\t\t\t<a href='https:\/\/association360.ch\/trans\/photos-transgender-day-of-remembrance-2014\/dsc_0078\/'><img loading=\"lazy\" decoding=\"async\" width=\"150\" height=\"150\" src=\"https:\/\/association360.ch\/trans\/wp-content\/uploads\/sites\/4\/2014\/11\/DSC_0078-150x150.jpg\" class=\"attachment-thumbnail size-thumbnail\" alt=\"\" aria-describedby=\"gallery-2-1968\" \/><\/a>\n\t\t\t<\/div>\n\t\t\t\t<figcaption class='wp-caption-text gallery-caption' id='gallery-2-1968'>\n\t\t\t\tPhotos: Irina Popa\n\t\t\t\t<\/figcaption><\/figure><figure class='gallery-item'>\n\t\t\t<div class='gallery-icon landscape'>\n\t\t\t\t<a href='https:\/\/association360.ch\/trans\/photos-transgender-day-of-remembrance-2014\/dsc_0079\/'><img loading=\"lazy\" decoding=\"async\" width=\"150\" height=\"150\" src=\"https:\/\/association360.ch\/trans\/wp-content\/uploads\/sites\/4\/2014\/11\/DSC_0079-150x150.jpg\" class=\"attachment-thumbnail size-thumbnail\" alt=\"\" aria-describedby=\"gallery-2-1969\" \/><\/a>\n\t\t\t<\/div>\n\t\t\t\t<figcaption class='wp-caption-text gallery-caption' id='gallery-2-1969'>\n\t\t\t\tPhotos: Irina Popa\n\t\t\t\t<\/figcaption><\/figure><figure class='gallery-item'>\n\t\t\t<div class='gallery-icon landscape'>\n\t\t\t\t<a href='https:\/\/association360.ch\/trans\/photos-transgender-day-of-remembrance-2014\/dsc_0089\/'><img loading=\"lazy\" decoding=\"async\" width=\"150\" height=\"150\" src=\"https:\/\/association360.ch\/trans\/wp-content\/uploads\/sites\/4\/2014\/11\/DSC_0089-150x150.jpg\" class=\"attachment-thumbnail size-thumbnail\" alt=\"\" aria-describedby=\"gallery-2-1970\" \/><\/a>\n\t\t\t<\/div>\n\t\t\t\t<figcaption class='wp-caption-text gallery-caption' id='gallery-2-1970'>\n\t\t\t\tPhotos: Irina Popa\n\t\t\t\t<\/figcaption><\/figure><figure class='gallery-item'>\n\t\t\t<div class='gallery-icon landscape'>\n\t\t\t\t<a href='https:\/\/association360.ch\/trans\/photos-transgender-day-of-remembrance-2014\/dsc_0103\/'><img loading=\"lazy\" decoding=\"async\" width=\"150\" height=\"150\" src=\"https:\/\/association360.ch\/trans\/wp-content\/uploads\/sites\/4\/2014\/11\/DSC_0103-150x150.jpg\" class=\"attachment-thumbnail size-thumbnail\" alt=\"\" aria-describedby=\"gallery-2-1972\" \/><\/a>\n\t\t\t<\/div>\n\t\t\t\t<figcaption class='wp-caption-text gallery-caption' id='gallery-2-1972'>\n\t\t\t\tPhotos: Irina Popa\n\t\t\t\t<\/figcaption><\/figure><figure class='gallery-item'>\n\t\t\t<div class='gallery-icon landscape'>\n\t\t\t\t<a href='https:\/\/association360.ch\/trans\/photos-transgender-day-of-remembrance-2014\/dsc_0110\/'><img loading=\"lazy\" decoding=\"async\" width=\"150\" height=\"150\" src=\"https:\/\/association360.ch\/trans\/wp-content\/uploads\/sites\/4\/2014\/11\/DSC_0110-150x150.jpg\" class=\"attachment-thumbnail size-thumbnail\" alt=\"\" aria-describedby=\"gallery-2-1974\" \/><\/a>\n\t\t\t<\/div>\n\t\t\t\t<figcaption class='wp-caption-text gallery-caption' id='gallery-2-1974'>\n\t\t\t\tPhotos: Irina Popa\n\t\t\t\t<\/figcaption><\/figure><figure class='gallery-item'>\n\t\t\t<div class='gallery-icon landscape'>\n\t\t\t\t<a href='https:\/\/association360.ch\/trans\/photos-transgender-day-of-remembrance-2014\/dsc_0111\/'><img loading=\"lazy\" decoding=\"async\" width=\"150\" height=\"150\" src=\"https:\/\/association360.ch\/trans\/wp-content\/uploads\/sites\/4\/2014\/11\/DSC_0111-150x150.jpg\" class=\"attachment-thumbnail size-thumbnail\" alt=\"\" aria-describedby=\"gallery-2-1975\" \/><\/a>\n\t\t\t<\/div>\n\t\t\t\t<figcaption class='wp-caption-text gallery-caption' id='gallery-2-1975'>\n\t\t\t\tPhotos: Irina Popa\n\t\t\t\t<\/figcaption><\/figure><figure class='gallery-item'>\n\t\t\t<div class='gallery-icon landscape'>\n\t\t\t\t<a href='https:\/\/association360.ch\/trans\/photos-transgender-day-of-remembrance-2014\/dsc_0112\/'><img loading=\"lazy\" decoding=\"async\" width=\"150\" height=\"150\" src=\"https:\/\/association360.ch\/trans\/wp-content\/uploads\/sites\/4\/2014\/11\/DSC_0112-150x150.jpg\" class=\"attachment-thumbnail size-thumbnail\" alt=\"\" aria-describedby=\"gallery-2-1976\" \/><\/a>\n\t\t\t<\/div>\n\t\t\t\t<figcaption class='wp-caption-text gallery-caption' id='gallery-2-1976'>\n\t\t\t\tPhotos: Irina Popa\n\t\t\t\t<\/figcaption><\/figure><figure class='gallery-item'>\n\t\t\t<div class='gallery-icon landscape'>\n\t\t\t\t<a href='https:\/\/association360.ch\/trans\/photos-transgender-day-of-remembrance-2014\/dsc_0113\/'><img loading=\"lazy\" decoding=\"async\" width=\"150\" height=\"150\" src=\"https:\/\/association360.ch\/trans\/wp-content\/uploads\/sites\/4\/2014\/11\/DSC_0113-150x150.jpg\" class=\"attachment-thumbnail size-thumbnail\" alt=\"\" aria-describedby=\"gallery-2-1977\" \/><\/a>\n\t\t\t<\/div>\n\t\t\t\t<figcaption class='wp-caption-text gallery-caption' id='gallery-2-1977'>\n\t\t\t\tPhotos: Irina Popa\n\t\t\t\t<\/figcaption><\/figure><figure class='gallery-item'>\n\t\t\t<div class='gallery-icon landscape'>\n\t\t\t\t<a href='https:\/\/association360.ch\/trans\/photos-transgender-day-of-remembrance-2014\/dsc_0114\/'><img loading=\"lazy\" decoding=\"async\" width=\"150\" height=\"150\" src=\"https:\/\/association360.ch\/trans\/wp-content\/uploads\/sites\/4\/2014\/11\/DSC_0114-150x150.jpg\" class=\"attachment-thumbnail size-thumbnail\" alt=\"\" aria-describedby=\"gallery-2-1978\" \/><\/a>\n\t\t\t<\/div>\n\t\t\t\t<figcaption class='wp-caption-text gallery-caption' id='gallery-2-1978'>\n\t\t\t\tPhotos: Irina Popa\n\t\t\t\t<\/figcaption><\/figure><figure class='gallery-item'>\n\t\t\t<div class='gallery-icon landscape'>\n\t\t\t\t<a href='https:\/\/association360.ch\/trans\/photos-transgender-day-of-remembrance-2014\/dsc_0115\/'><img loading=\"lazy\" decoding=\"async\" width=\"150\" height=\"150\" src=\"https:\/\/association360.ch\/trans\/wp-content\/uploads\/sites\/4\/2014\/11\/DSC_0115-150x150.jpg\" class=\"attachment-thumbnail size-thumbnail\" alt=\"\" aria-describedby=\"gallery-2-1979\" \/><\/a>\n\t\t\t<\/div>\n\t\t\t\t<figcaption class='wp-caption-text gallery-caption' id='gallery-2-1979'>\n\t\t\t\tPhotos: Irina Popa\n\t\t\t\t<\/figcaption><\/figure><figure class='gallery-item'>\n\t\t\t<div class='gallery-icon landscape'>\n\t\t\t\t<a href='https:\/\/association360.ch\/trans\/photos-transgender-day-of-remembrance-2014\/dsc_0116\/'><img loading=\"lazy\" decoding=\"async\" width=\"150\" height=\"150\" src=\"https:\/\/association360.ch\/trans\/wp-content\/uploads\/sites\/4\/2014\/11\/DSC_0116-150x150.jpg\" class=\"attachment-thumbnail size-thumbnail\" alt=\"\" aria-describedby=\"gallery-2-1980\" \/><\/a>\n\t\t\t<\/div>\n\t\t\t\t<figcaption class='wp-caption-text gallery-caption' id='gallery-2-1980'>\n\t\t\t\tPhotos: Irina Popa\n\t\t\t\t<\/figcaption><\/figure><figure class='gallery-item'>\n\t\t\t<div class='gallery-icon landscape'>\n\t\t\t\t<a href='https:\/\/association360.ch\/trans\/photos-transgender-day-of-remembrance-2014\/dsc_0117\/'><img loading=\"lazy\" decoding=\"async\" width=\"150\" height=\"150\" src=\"https:\/\/association360.ch\/trans\/wp-content\/uploads\/sites\/4\/2014\/11\/DSC_0117-150x150.jpg\" class=\"attachment-thumbnail size-thumbnail\" alt=\"\" aria-describedby=\"gallery-2-1981\" \/><\/a>\n\t\t\t<\/div>\n\t\t\t\t<figcaption class='wp-caption-text gallery-caption' id='gallery-2-1981'>\n\t\t\t\tPhotos: Irina Popa\n\t\t\t\t<\/figcaption><\/figure><figure class='gallery-item'>\n\t\t\t<div class='gallery-icon landscape'>\n\t\t\t\t<a href='https:\/\/association360.ch\/trans\/photos-transgender-day-of-remembrance-2014\/dsc_0125\/'><img loading=\"lazy\" decoding=\"async\" width=\"150\" height=\"150\" src=\"https:\/\/association360.ch\/trans\/wp-content\/uploads\/sites\/4\/2014\/11\/DSC_0125-150x150.jpg\" class=\"attachment-thumbnail size-thumbnail\" alt=\"\" aria-describedby=\"gallery-2-1982\" \/><\/a>\n\t\t\t<\/div>\n\t\t\t\t<figcaption class='wp-caption-text gallery-caption' id='gallery-2-1982'>\n\t\t\t\tPhotos: Irina Popa\n\t\t\t\t<\/figcaption><\/figure><figure class='gallery-item'>\n\t\t\t<div class='gallery-icon landscape'>\n\t\t\t\t<a href='https:\/\/association360.ch\/trans\/photos-transgender-day-of-remembrance-2014\/dsc_0128\/'><img loading=\"lazy\" decoding=\"async\" width=\"150\" height=\"150\" src=\"https:\/\/association360.ch\/trans\/wp-content\/uploads\/sites\/4\/2014\/11\/DSC_0128-150x150.jpg\" class=\"attachment-thumbnail size-thumbnail\" alt=\"\" aria-describedby=\"gallery-2-1983\" \/><\/a>\n\t\t\t<\/div>\n\t\t\t\t<figcaption class='wp-caption-text gallery-caption' id='gallery-2-1983'>\n\t\t\t\tPhotos: Irina Popa\n\t\t\t\t<\/figcaption><\/figure><figure class='gallery-item'>\n\t\t\t<div class='gallery-icon landscape'>\n\t\t\t\t<a href='https:\/\/association360.ch\/trans\/photos-transgender-day-of-remembrance-2014\/dsc_0129\/'><img loading=\"lazy\" decoding=\"async\" width=\"150\" height=\"150\" src=\"https:\/\/association360.ch\/trans\/wp-content\/uploads\/sites\/4\/2014\/11\/DSC_0129-150x150.jpg\" class=\"attachment-thumbnail size-thumbnail\" alt=\"\" aria-describedby=\"gallery-2-1984\" \/><\/a>\n\t\t\t<\/div>\n\t\t\t\t<figcaption class='wp-caption-text gallery-caption' id='gallery-2-1984'>\n\t\t\t\tPhotos: Irina Popa\n\t\t\t\t<\/figcaption><\/figure><figure class='gallery-item'>\n\t\t\t<div class='gallery-icon landscape'>\n\t\t\t\t<a href='https:\/\/association360.ch\/trans\/photos-transgender-day-of-remembrance-2014\/dsc_0131\/'><img loading=\"lazy\" decoding=\"async\" width=\"150\" height=\"150\" src=\"https:\/\/association360.ch\/trans\/wp-content\/uploads\/sites\/4\/2014\/11\/DSC_0131-150x150.jpg\" class=\"attachment-thumbnail size-thumbnail\" alt=\"\" aria-describedby=\"gallery-2-1985\" \/><\/a>\n\t\t\t<\/div>\n\t\t\t\t<figcaption class='wp-caption-text gallery-caption' id='gallery-2-1985'>\n\t\t\t\tPhotos: Irina Popa\n\t\t\t\t<\/figcaption><\/figure><figure class='gallery-item'>\n\t\t\t<div class='gallery-icon landscape'>\n\t\t\t\t<a href='https:\/\/association360.ch\/trans\/photos-transgender-day-of-remembrance-2014\/dsc_0138\/'><img loading=\"lazy\" decoding=\"async\" width=\"150\" height=\"150\" src=\"https:\/\/association360.ch\/trans\/wp-content\/uploads\/sites\/4\/2014\/11\/DSC_0138-150x150.jpg\" class=\"attachment-thumbnail size-thumbnail\" alt=\"\" aria-describedby=\"gallery-2-1986\" \/><\/a>\n\t\t\t<\/div>\n\t\t\t\t<figcaption class='wp-caption-text gallery-caption' id='gallery-2-1986'>\n\t\t\t\tPhotos: Irina Popa\n\t\t\t\t<\/figcaption><\/figure><figure class='gallery-item'>\n\t\t\t<div class='gallery-icon landscape'>\n\t\t\t\t<a href='https:\/\/association360.ch\/trans\/photos-transgender-day-of-remembrance-2014\/dsc_0140\/'><img loading=\"lazy\" decoding=\"async\" width=\"150\" height=\"150\" src=\"https:\/\/association360.ch\/trans\/wp-content\/uploads\/sites\/4\/2014\/11\/DSC_0140-150x150.jpg\" class=\"attachment-thumbnail size-thumbnail\" alt=\"\" aria-describedby=\"gallery-2-1987\" \/><\/a>\n\t\t\t<\/div>\n\t\t\t\t<figcaption class='wp-caption-text gallery-caption' id='gallery-2-1987'>\n\t\t\t\tPhotos: Irina Popa\n\t\t\t\t<\/figcaption><\/figure><figure class='gallery-item'>\n\t\t\t<div class='gallery-icon landscape'>\n\t\t\t\t<a href='https:\/\/association360.ch\/trans\/photos-transgender-day-of-remembrance-2014\/dsc_0142\/'><img loading=\"lazy\" decoding=\"async\" width=\"150\" height=\"150\" src=\"https:\/\/association360.ch\/trans\/wp-content\/uploads\/sites\/4\/2014\/11\/DSC_0142-150x150.jpg\" class=\"attachment-thumbnail size-thumbnail\" alt=\"\" aria-describedby=\"gallery-2-1988\" \/><\/a>\n\t\t\t<\/div>\n\t\t\t\t<figcaption class='wp-caption-text gallery-caption' id='gallery-2-1988'>\n\t\t\t\tPhotos: Irina Popa\n\t\t\t\t<\/figcaption><\/figure><figure class='gallery-item'>\n\t\t\t<div class='gallery-icon landscape'>\n\t\t\t\t<a href='https:\/\/association360.ch\/trans\/photos-transgender-day-of-remembrance-2014\/dsc_0143\/'><img loading=\"lazy\" decoding=\"async\" width=\"150\" height=\"150\" src=\"https:\/\/association360.ch\/trans\/wp-content\/uploads\/sites\/4\/2014\/11\/DSC_0143-150x150.jpg\" class=\"attachment-thumbnail size-thumbnail\" alt=\"\" aria-describedby=\"gallery-2-1989\" \/><\/a>\n\t\t\t<\/div>\n\t\t\t\t<figcaption class='wp-caption-text gallery-caption' id='gallery-2-1989'>\n\t\t\t\tPhotos: Irina Popa\n\t\t\t\t<\/figcaption><\/figure><figure class='gallery-item'>\n\t\t\t<div class='gallery-icon portrait'>\n\t\t\t\t<a href='https:\/\/association360.ch\/trans\/photos-transgender-day-of-remembrance-2014\/dsc_0144_2\/'><img loading=\"lazy\" decoding=\"async\" width=\"150\" height=\"150\" src=\"https:\/\/association360.ch\/trans\/wp-content\/uploads\/sites\/4\/2014\/11\/DSC_0144_2-150x150.jpg\" class=\"attachment-thumbnail size-thumbnail\" alt=\"\" aria-describedby=\"gallery-2-1990\" \/><\/a>\n\t\t\t<\/div>\n\t\t\t\t<figcaption class='wp-caption-text gallery-caption' id='gallery-2-1990'>\n\t\t\t\tPhotos: Irina Popa\n\t\t\t\t<\/figcaption><\/figure><figure class='gallery-item'>\n\t\t\t<div class='gallery-icon landscape'>\n\t\t\t\t<a href='https:\/\/association360.ch\/trans\/photos-transgender-day-of-remembrance-2014\/dsc_0146\/'><img loading=\"lazy\" decoding=\"async\" width=\"150\" height=\"150\" src=\"https:\/\/association360.ch\/trans\/wp-content\/uploads\/sites\/4\/2014\/11\/DSC_0146-150x150.jpg\" class=\"attachment-thumbnail size-thumbnail\" alt=\"\" aria-describedby=\"gallery-2-1991\" \/><\/a>\n\t\t\t<\/div>\n\t\t\t\t<figcaption class='wp-caption-text gallery-caption' id='gallery-2-1991'>\n\t\t\t\tPhotos: Irina Popa\n\t\t\t\t<\/figcaption><\/figure><figure class='gallery-item'>\n\t\t\t<div class='gallery-icon landscape'>\n\t\t\t\t<a href='https:\/\/association360.ch\/trans\/photos-transgender-day-of-remembrance-2014\/dsc_0147\/'><img loading=\"lazy\" decoding=\"async\" width=\"150\" height=\"150\" src=\"https:\/\/association360.ch\/trans\/wp-content\/uploads\/sites\/4\/2014\/11\/DSC_0147-150x150.jpg\" class=\"attachment-thumbnail size-thumbnail\" alt=\"\" aria-describedby=\"gallery-2-1992\" \/><\/a>\n\t\t\t<\/div>\n\t\t\t\t<figcaption class='wp-caption-text gallery-caption' id='gallery-2-1992'>\n\t\t\t\tPhotos: Irina Popa\n\t\t\t\t<\/figcaption><\/figure><figure class='gallery-item'>\n\t\t\t<div class='gallery-icon landscape'>\n\t\t\t\t<a href='https:\/\/association360.ch\/trans\/photos-transgender-day-of-remembrance-2014\/dsc_0156\/'><img loading=\"lazy\" decoding=\"async\" width=\"150\" height=\"150\" src=\"https:\/\/association360.ch\/trans\/wp-content\/uploads\/sites\/4\/2014\/11\/DSC_0156-150x150.jpg\" class=\"attachment-thumbnail size-thumbnail\" alt=\"\" aria-describedby=\"gallery-2-1993\" \/><\/a>\n\t\t\t<\/div>\n\t\t\t\t<figcaption class='wp-caption-text gallery-caption' id='gallery-2-1993'>\n\t\t\t\tPhotos: Irina Popa\n\t\t\t\t<\/figcaption><\/figure><figure class='gallery-item'>\n\t\t\t<div class='gallery-icon landscape'>\n\t\t\t\t<a href='https:\/\/association360.ch\/trans\/photos-transgender-day-of-remembrance-2014\/dsc_0160\/'><img loading=\"lazy\" decoding=\"async\" width=\"150\" height=\"150\" src=\"https:\/\/association360.ch\/trans\/wp-content\/uploads\/sites\/4\/2014\/11\/DSC_0160-150x150.jpg\" class=\"attachment-thumbnail size-thumbnail\" alt=\"\" aria-describedby=\"gallery-2-1995\" \/><\/a>\n\t\t\t<\/div>\n\t\t\t\t<figcaption class='wp-caption-text gallery-caption' id='gallery-2-1995'>\n\t\t\t\tPhotos: Irina Popa\n\t\t\t\t<\/figcaption><\/figure><figure class='gallery-item'>\n\t\t\t<div class='gallery-icon landscape'>\n\t\t\t\t<a href='https:\/\/association360.ch\/trans\/photos-transgender-day-of-remembrance-2014\/dsc_0163\/'><img loading=\"lazy\" decoding=\"async\" width=\"150\" height=\"150\" src=\"https:\/\/association360.ch\/trans\/wp-content\/uploads\/sites\/4\/2014\/11\/DSC_0163-150x150.jpg\" class=\"attachment-thumbnail size-thumbnail\" alt=\"\" aria-describedby=\"gallery-2-1996\" \/><\/a>\n\t\t\t<\/div>\n\t\t\t\t<figcaption class='wp-caption-text gallery-caption' id='gallery-2-1996'>\n\t\t\t\tPhotos: Irina Popa\n\t\t\t\t<\/figcaption><\/figure><figure class='gallery-item'>\n\t\t\t<div class='gallery-icon landscape'>\n\t\t\t\t<a href='https:\/\/association360.ch\/trans\/photos-transgender-day-of-remembrance-2014\/dsc_0164\/'><img loading=\"lazy\" decoding=\"async\" width=\"150\" height=\"150\" src=\"https:\/\/association360.ch\/trans\/wp-content\/uploads\/sites\/4\/2014\/11\/DSC_0164-150x150.jpg\" class=\"attachment-thumbnail size-thumbnail\" alt=\"\" aria-describedby=\"gallery-2-1997\" \/><\/a>\n\t\t\t<\/div>\n\t\t\t\t<figcaption class='wp-caption-text gallery-caption' id='gallery-2-1997'>\n\t\t\t\tPhotos: Irina Popa\n\t\t\t\t<\/figcaption><\/figure><figure class='gallery-item'>\n\t\t\t<div class='gallery-icon portrait'>\n\t\t\t\t<a href='https:\/\/association360.ch\/trans\/photos-transgender-day-of-remembrance-2014\/dsc_0169_2\/'><img loading=\"lazy\" decoding=\"async\" width=\"150\" height=\"150\" src=\"https:\/\/association360.ch\/trans\/wp-content\/uploads\/sites\/4\/2014\/11\/DSC_0169_2-150x150.jpg\" class=\"attachment-thumbnail size-thumbnail\" alt=\"\" aria-describedby=\"gallery-2-1999\" \/><\/a>\n\t\t\t<\/div>\n\t\t\t\t<figcaption class='wp-caption-text gallery-caption' id='gallery-2-1999'>\n\t\t\t\tPhotos: Irina Popa\n\t\t\t\t<\/figcaption><\/figure><figure class='gallery-item'>\n\t\t\t<div class='gallery-icon landscape'>\n\t\t\t\t<a href='https:\/\/association360.ch\/trans\/photos-transgender-day-of-remembrance-2014\/dsc_0177\/'><img loading=\"lazy\" decoding=\"async\" width=\"150\" height=\"150\" src=\"https:\/\/association360.ch\/trans\/wp-content\/uploads\/sites\/4\/2014\/11\/DSC_0177-150x150.jpg\" class=\"attachment-thumbnail size-thumbnail\" alt=\"\" aria-describedby=\"gallery-2-2000\" \/><\/a>\n\t\t\t<\/div>\n\t\t\t\t<figcaption class='wp-caption-text gallery-caption' id='gallery-2-2000'>\n\t\t\t\tPhotos: Irina Popa\n\t\t\t\t<\/figcaption><\/figure><figure class='gallery-item'>\n\t\t\t<div class='gallery-icon landscape'>\n\t\t\t\t<a href='https:\/\/association360.ch\/trans\/photos-transgender-day-of-remembrance-2014\/dsc_0183\/'><img loading=\"lazy\" decoding=\"async\" width=\"150\" height=\"150\" src=\"https:\/\/association360.ch\/trans\/wp-content\/uploads\/sites\/4\/2014\/11\/DSC_0183-150x150.jpg\" class=\"attachment-thumbnail size-thumbnail\" alt=\"\" aria-describedby=\"gallery-2-2001\" \/><\/a>\n\t\t\t<\/div>\n\t\t\t\t<figcaption class='wp-caption-text gallery-caption' id='gallery-2-2001'>\n\t\t\t\tPhotos: Irina Popa\n\t\t\t\t<\/figcaption><\/figure><figure class='gallery-item'>\n\t\t\t<div class='gallery-icon landscape'>\n\t\t\t\t<a href='https:\/\/association360.ch\/trans\/photos-transgender-day-of-remembrance-2014\/dsc_0186\/'><img loading=\"lazy\" decoding=\"async\" width=\"150\" height=\"150\" src=\"https:\/\/association360.ch\/trans\/wp-content\/uploads\/sites\/4\/2014\/11\/DSC_0186-150x150.jpg\" class=\"attachment-thumbnail size-thumbnail\" alt=\"\" aria-describedby=\"gallery-2-2002\" \/><\/a>\n\t\t\t<\/div>\n\t\t\t\t<figcaption class='wp-caption-text gallery-caption' id='gallery-2-2002'>\n\t\t\t\tPhotos: Irina Popa\n\t\t\t\t<\/figcaption><\/figure><figure class='gallery-item'>\n\t\t\t<div class='gallery-icon landscape'>\n\t\t\t\t<a href='https:\/\/association360.ch\/trans\/photos-transgender-day-of-remembrance-2014\/dsc_0187\/'><img loading=\"lazy\" decoding=\"async\" width=\"150\" height=\"150\" src=\"https:\/\/association360.ch\/trans\/wp-content\/uploads\/sites\/4\/2014\/11\/DSC_0187-150x150.jpg\" class=\"attachment-thumbnail size-thumbnail\" alt=\"\" aria-describedby=\"gallery-2-2003\" \/><\/a>\n\t\t\t<\/div>\n\t\t\t\t<figcaption class='wp-caption-text gallery-caption' id='gallery-2-2003'>\n\t\t\t\tPhotos: Irina Popa\n\t\t\t\t<\/figcaption><\/figure><figure class='gallery-item'>\n\t\t\t<div class='gallery-icon landscape'>\n\t\t\t\t<a href='https:\/\/association360.ch\/trans\/photos-transgender-day-of-remembrance-2014\/dsc_0188\/'><img loading=\"lazy\" decoding=\"async\" width=\"150\" height=\"150\" src=\"https:\/\/association360.ch\/trans\/wp-content\/uploads\/sites\/4\/2014\/11\/DSC_0188-150x150.jpg\" class=\"attachment-thumbnail size-thumbnail\" alt=\"\" aria-describedby=\"gallery-2-2004\" \/><\/a>\n\t\t\t<\/div>\n\t\t\t\t<figcaption class='wp-caption-text gallery-caption' id='gallery-2-2004'>\n\t\t\t\tPhotos: Irina Popa\n\t\t\t\t<\/figcaption><\/figure><figure class='gallery-item'>\n\t\t\t<div class='gallery-icon portrait'>\n\t\t\t\t<a href='https:\/\/association360.ch\/trans\/photos-transgender-day-of-remembrance-2014\/dsc_0191\/'><img loading=\"lazy\" decoding=\"async\" width=\"150\" height=\"150\" src=\"https:\/\/association360.ch\/trans\/wp-content\/uploads\/sites\/4\/2014\/11\/DSC_0191-e1447612491826-150x150.jpg\" class=\"attachment-thumbnail size-thumbnail\" alt=\"\" aria-describedby=\"gallery-2-2007\" \/><\/a>\n\t\t\t<\/div>\n\t\t\t\t<figcaption class='wp-caption-text gallery-caption' id='gallery-2-2007'>\n\t\t\t\tPhotos: Irina Popa\n\t\t\t\t<\/figcaption><\/figure><figure class='gallery-item'>\n\t\t\t<div class='gallery-icon landscape'>\n\t\t\t\t<a href='https:\/\/association360.ch\/trans\/photos-transgender-day-of-remembrance-2014\/dsc_0198\/'><img loading=\"lazy\" decoding=\"async\" width=\"150\" height=\"150\" src=\"https:\/\/association360.ch\/trans\/wp-content\/uploads\/sites\/4\/2014\/11\/DSC_0198-150x150.jpg\" class=\"attachment-thumbnail size-thumbnail\" alt=\"\" aria-describedby=\"gallery-2-2008\" \/><\/a>\n\t\t\t<\/div>\n\t\t\t\t<figcaption class='wp-caption-text gallery-caption' id='gallery-2-2008'>\n\t\t\t\tPhotos: Irina Popa\n\t\t\t\t<\/figcaption><\/figure><figure class='gallery-item'>\n\t\t\t<div class='gallery-icon landscape'>\n\t\t\t\t<a href='https:\/\/association360.ch\/trans\/photos-transgender-day-of-remembrance-2014\/dsc_0203\/'><img loading=\"lazy\" decoding=\"async\" width=\"150\" height=\"150\" src=\"https:\/\/association360.ch\/trans\/wp-content\/uploads\/sites\/4\/2014\/11\/DSC_0203-150x150.jpg\" class=\"attachment-thumbnail size-thumbnail\" alt=\"\" aria-describedby=\"gallery-2-2009\" \/><\/a>\n\t\t\t<\/div>\n\t\t\t\t<figcaption class='wp-caption-text gallery-caption' id='gallery-2-2009'>\n\t\t\t\tPhotos: Irina Popa\n\t\t\t\t<\/figcaption><\/figure><figure class='gallery-item'>\n\t\t\t<div class='gallery-icon landscape'>\n\t\t\t\t<a href='https:\/\/association360.ch\/trans\/photos-transgender-day-of-remembrance-2014\/dsc_0207\/'><img loading=\"lazy\" decoding=\"async\" width=\"150\" height=\"150\" src=\"https:\/\/association360.ch\/trans\/wp-content\/uploads\/sites\/4\/2014\/11\/DSC_0207-150x150.jpg\" class=\"attachment-thumbnail size-thumbnail\" alt=\"\" aria-describedby=\"gallery-2-2010\" \/><\/a>\n\t\t\t<\/div>\n\t\t\t\t<figcaption class='wp-caption-text gallery-caption' id='gallery-2-2010'>\n\t\t\t\tPhotos: Irina Popa\n\t\t\t\t<\/figcaption><\/figure><figure class='gallery-item'>\n\t\t\t<div class='gallery-icon portrait'>\n\t\t\t\t<a href='https:\/\/association360.ch\/trans\/photos-transgender-day-of-remembrance-2014\/dsc_0214_2\/'><img loading=\"lazy\" decoding=\"async\" width=\"150\" height=\"150\" src=\"https:\/\/association360.ch\/trans\/wp-content\/uploads\/sites\/4\/2014\/11\/DSC_0214_2-150x150.jpg\" class=\"attachment-thumbnail size-thumbnail\" alt=\"\" aria-describedby=\"gallery-2-2012\" \/><\/a>\n\t\t\t<\/div>\n\t\t\t\t<figcaption class='wp-caption-text gallery-caption' id='gallery-2-2012'>\n\t\t\t\tPhotos: Irina Popa\n\t\t\t\t<\/figcaption><\/figure><figure class='gallery-item'>\n\t\t\t<div class='gallery-icon landscape'>\n\t\t\t\t<a href='https:\/\/association360.ch\/trans\/photos-transgender-day-of-remembrance-2014\/dsc_0217\/'><img loading=\"lazy\" decoding=\"async\" width=\"150\" height=\"150\" src=\"https:\/\/association360.ch\/trans\/wp-content\/uploads\/sites\/4\/2014\/11\/DSC_0217-150x150.jpg\" class=\"attachment-thumbnail size-thumbnail\" alt=\"\" aria-describedby=\"gallery-2-2013\" \/><\/a>\n\t\t\t<\/div>\n\t\t\t\t<figcaption class='wp-caption-text gallery-caption' id='gallery-2-2013'>\n\t\t\t\tPhotos: Irina Popa\n\t\t\t\t<\/figcaption><\/figure><figure class='gallery-item'>\n\t\t\t<div class='gallery-icon landscape'>\n\t\t\t\t<a href='https:\/\/association360.ch\/trans\/photos-transgender-day-of-remembrance-2014\/dsc_0221\/'><img loading=\"lazy\" decoding=\"async\" width=\"150\" height=\"150\" src=\"https:\/\/association360.ch\/trans\/wp-content\/uploads\/sites\/4\/2014\/11\/DSC_0221-150x150.jpg\" class=\"attachment-thumbnail size-thumbnail\" alt=\"\" aria-describedby=\"gallery-2-2014\" \/><\/a>\n\t\t\t<\/div>\n\t\t\t\t<figcaption class='wp-caption-text gallery-caption' id='gallery-2-2014'>\n\t\t\t\tPhotos: Irina Popa\n\t\t\t\t<\/figcaption><\/figure><figure class='gallery-item'>\n\t\t\t<div class='gallery-icon landscape'>\n\t\t\t\t<a href='https:\/\/association360.ch\/trans\/photos-transgender-day-of-remembrance-2014\/dsc_0222\/'><img loading=\"lazy\" decoding=\"async\" width=\"150\" height=\"150\" src=\"https:\/\/association360.ch\/trans\/wp-content\/uploads\/sites\/4\/2014\/11\/DSC_0222-150x150.jpg\" class=\"attachment-thumbnail size-thumbnail\" alt=\"\" aria-describedby=\"gallery-2-2015\" \/><\/a>\n\t\t\t<\/div>\n\t\t\t\t<figcaption class='wp-caption-text gallery-caption' id='gallery-2-2015'>\n\t\t\t\tPhotos: Irina Popa\n\t\t\t\t<\/figcaption><\/figure><figure class='gallery-item'>\n\t\t\t<div class='gallery-icon landscape'>\n\t\t\t\t<a href='https:\/\/association360.ch\/trans\/photos-transgender-day-of-remembrance-2014\/dsc_0224\/'><img loading=\"lazy\" decoding=\"async\" width=\"150\" height=\"150\" src=\"https:\/\/association360.ch\/trans\/wp-content\/uploads\/sites\/4\/2014\/11\/DSC_0224-150x150.jpg\" class=\"attachment-thumbnail size-thumbnail\" alt=\"\" aria-describedby=\"gallery-2-2016\" \/><\/a>\n\t\t\t<\/div>\n\t\t\t\t<figcaption class='wp-caption-text gallery-caption' id='gallery-2-2016'>\n\t\t\t\tPhotos: Irina Popa\n\t\t\t\t<\/figcaption><\/figure><figure class='gallery-item'>\n\t\t\t<div class='gallery-icon landscape'>\n\t\t\t\t<a href='https:\/\/association360.ch\/trans\/photos-transgender-day-of-remembrance-2014\/dsc_0228\/'><img loading=\"lazy\" decoding=\"async\" width=\"150\" height=\"150\" src=\"https:\/\/association360.ch\/trans\/wp-content\/uploads\/sites\/4\/2014\/11\/DSC_0228-150x150.jpg\" class=\"attachment-thumbnail size-thumbnail\" alt=\"\" aria-describedby=\"gallery-2-2017\" \/><\/a>\n\t\t\t<\/div>\n\t\t\t\t<figcaption class='wp-caption-text gallery-caption' id='gallery-2-2017'>\n\t\t\t\tPhotos: Irina Popa\n\t\t\t\t<\/figcaption><\/figure><figure class='gallery-item'>\n\t\t\t<div class='gallery-icon landscape'>\n\t\t\t\t<a href='https:\/\/association360.ch\/trans\/photos-transgender-day-of-remembrance-2014\/dsc_0233\/'><img loading=\"lazy\" decoding=\"async\" width=\"150\" height=\"150\" src=\"https:\/\/association360.ch\/trans\/wp-content\/uploads\/sites\/4\/2014\/11\/DSC_0233-150x150.jpg\" class=\"attachment-thumbnail size-thumbnail\" alt=\"\" aria-describedby=\"gallery-2-2018\" \/><\/a>\n\t\t\t<\/div>\n\t\t\t\t<figcaption class='wp-caption-text gallery-caption' id='gallery-2-2018'>\n\t\t\t\tPhotos: Irina Popa\n\t\t\t\t<\/figcaption><\/figure><figure class='gallery-item'>\n\t\t\t<div class='gallery-icon landscape'>\n\t\t\t\t<a href='https:\/\/association360.ch\/trans\/photos-transgender-day-of-remembrance-2014\/dsc_0247\/'><img loading=\"lazy\" decoding=\"async\" width=\"150\" height=\"150\" src=\"https:\/\/association360.ch\/trans\/wp-content\/uploads\/sites\/4\/2014\/11\/DSC_0247-150x150.jpg\" class=\"attachment-thumbnail size-thumbnail\" alt=\"\" aria-describedby=\"gallery-2-2019\" \/><\/a>\n\t\t\t<\/div>\n\t\t\t\t<figcaption class='wp-caption-text gallery-caption' id='gallery-2-2019'>\n\t\t\t\tPhotos: Irina Popa\n\t\t\t\t<\/figcaption><\/figure><figure class='gallery-item'>\n\t\t\t<div class='gallery-icon portrait'>\n\t\t\t\t<a href='https:\/\/association360.ch\/trans\/photos-transgender-day-of-remembrance-2014\/dsc_0248_2\/'><img loading=\"lazy\" decoding=\"async\" width=\"150\" height=\"150\" src=\"https:\/\/association360.ch\/trans\/wp-content\/uploads\/sites\/4\/2014\/11\/DSC_0248_2-150x150.jpg\" class=\"attachment-thumbnail size-thumbnail\" alt=\"\" aria-describedby=\"gallery-2-2020\" \/><\/a>\n\t\t\t<\/div>\n\t\t\t\t<figcaption class='wp-caption-text gallery-caption' id='gallery-2-2020'>\n\t\t\t\tPhotos: Irina Popa\n\t\t\t\t<\/figcaption><\/figure><figure class='gallery-item'>\n\t\t\t<div class='gallery-icon landscape'>\n\t\t\t\t<a href='https:\/\/association360.ch\/trans\/photos-transgender-day-of-remembrance-2014\/dsc_0250\/'><img loading=\"lazy\" decoding=\"async\" width=\"150\" height=\"150\" src=\"https:\/\/association360.ch\/trans\/wp-content\/uploads\/sites\/4\/2014\/11\/DSC_0250-150x150.jpg\" class=\"attachment-thumbnail size-thumbnail\" alt=\"\" aria-describedby=\"gallery-2-2021\" \/><\/a>\n\t\t\t<\/div>\n\t\t\t\t<figcaption class='wp-caption-text gallery-caption' id='gallery-2-2021'>\n\t\t\t\tPhotos: Irina Popa\n\t\t\t\t<\/figcaption><\/figure><figure class='gallery-item'>\n\t\t\t<div class='gallery-icon landscape'>\n\t\t\t\t<a href='https:\/\/association360.ch\/trans\/photos-transgender-day-of-remembrance-2014\/dsc_0254\/'><img loading=\"lazy\" decoding=\"async\" width=\"150\" height=\"150\" src=\"https:\/\/association360.ch\/trans\/wp-content\/uploads\/sites\/4\/2014\/11\/DSC_0254-150x150.jpg\" class=\"attachment-thumbnail size-thumbnail\" alt=\"\" aria-describedby=\"gallery-2-2022\" \/><\/a>\n\t\t\t<\/div>\n\t\t\t\t<figcaption class='wp-caption-text gallery-caption' id='gallery-2-2022'>\n\t\t\t\tPhotos: Irina Popa\n\t\t\t\t<\/figcaption><\/figure><figure class='gallery-item'>\n\t\t\t<div class='gallery-icon landscape'>\n\t\t\t\t<a href='https:\/\/association360.ch\/trans\/photos-transgender-day-of-remembrance-2014\/dsc_0258\/'><img loading=\"lazy\" decoding=\"async\" width=\"150\" height=\"150\" src=\"https:\/\/association360.ch\/trans\/wp-content\/uploads\/sites\/4\/2014\/11\/DSC_0258-150x150.jpg\" class=\"attachment-thumbnail size-thumbnail\" alt=\"\" aria-describedby=\"gallery-2-2023\" \/><\/a>\n\t\t\t<\/div>\n\t\t\t\t<figcaption class='wp-caption-text gallery-caption' id='gallery-2-2023'>\n\t\t\t\tPhotos: Irina Popa\n\t\t\t\t<\/figcaption><\/figure><figure class='gallery-item'>\n\t\t\t<div class='gallery-icon landscape'>\n\t\t\t\t<a href='https:\/\/association360.ch\/trans\/photos-transgender-day-of-remembrance-2014\/dsc_0261\/'><img loading=\"lazy\" decoding=\"async\" width=\"150\" height=\"150\" src=\"https:\/\/association360.ch\/trans\/wp-content\/uploads\/sites\/4\/2014\/11\/DSC_0261-150x150.jpg\" class=\"attachment-thumbnail size-thumbnail\" alt=\"\" aria-describedby=\"gallery-2-2024\" \/><\/a>\n\t\t\t<\/div>\n\t\t\t\t<figcaption class='wp-caption-text gallery-caption' id='gallery-2-2024'>\n\t\t\t\tPhotos: Irina Popa\n\t\t\t\t<\/figcaption><\/figure><figure class='gallery-item'>\n\t\t\t<div class='gallery-icon landscape'>\n\t\t\t\t<a href='https:\/\/association360.ch\/trans\/photos-transgender-day-of-remembrance-2014\/dsc_0265\/'><img loading=\"lazy\" decoding=\"async\" width=\"150\" height=\"150\" src=\"https:\/\/association360.ch\/trans\/wp-content\/uploads\/sites\/4\/2014\/11\/DSC_0265-150x150.jpg\" class=\"attachment-thumbnail size-thumbnail\" alt=\"\" aria-describedby=\"gallery-2-2025\" \/><\/a>\n\t\t\t<\/div>\n\t\t\t\t<figcaption class='wp-caption-text gallery-caption' id='gallery-2-2025'>\n\t\t\t\tPhotos: Irina Popa\n\t\t\t\t<\/figcaption><\/figure><figure class='gallery-item'>\n\t\t\t<div class='gallery-icon landscape'>\n\t\t\t\t<a href='https:\/\/association360.ch\/trans\/photos-transgender-day-of-remembrance-2014\/dsc_0267\/'><img loading=\"lazy\" decoding=\"async\" width=\"150\" height=\"150\" src=\"https:\/\/association360.ch\/trans\/wp-content\/uploads\/sites\/4\/2014\/11\/DSC_0267-150x150.jpg\" class=\"attachment-thumbnail size-thumbnail\" alt=\"\" aria-describedby=\"gallery-2-2026\" \/><\/a>\n\t\t\t<\/div>\n\t\t\t\t<figcaption class='wp-caption-text gallery-caption' id='gallery-2-2026'>\n\t\t\t\tPhotos: Irina Popa\n\t\t\t\t<\/figcaption><\/figure><figure class='gallery-item'>\n\t\t\t<div class='gallery-icon landscape'>\n\t\t\t\t<a href='https:\/\/association360.ch\/trans\/photos-transgender-day-of-remembrance-2014\/dsc_0268\/'><img loading=\"lazy\" decoding=\"async\" width=\"150\" height=\"150\" src=\"https:\/\/association360.ch\/trans\/wp-content\/uploads\/sites\/4\/2014\/11\/DSC_0268-150x150.jpg\" class=\"attachment-thumbnail size-thumbnail\" alt=\"\" aria-describedby=\"gallery-2-2027\" \/><\/a>\n\t\t\t<\/div>\n\t\t\t\t<figcaption class='wp-caption-text gallery-caption' id='gallery-2-2027'>\n\t\t\t\tPhotos: Irina Popa\n\t\t\t\t<\/figcaption><\/figure><figure class='gallery-item'>\n\t\t\t<div class='gallery-icon landscape'>\n\t\t\t\t<a href='https:\/\/association360.ch\/trans\/photos-transgender-day-of-remembrance-2014\/dsc_0270\/'><img loading=\"lazy\" decoding=\"async\" width=\"150\" height=\"150\" src=\"https:\/\/association360.ch\/trans\/wp-content\/uploads\/sites\/4\/2014\/11\/DSC_0270-150x150.jpg\" class=\"attachment-thumbnail size-thumbnail\" alt=\"\" aria-describedby=\"gallery-2-2028\" \/><\/a>\n\t\t\t<\/div>\n\t\t\t\t<figcaption class='wp-caption-text gallery-caption' id='gallery-2-2028'>\n\t\t\t\tPhotos: Irina Popa\n\t\t\t\t<\/figcaption><\/figure><figure class='gallery-item'>\n\t\t\t<div class='gallery-icon portrait'>\n\t\t\t\t<a href='https:\/\/association360.ch\/trans\/photos-transgender-day-of-remembrance-2014\/dsc_0272_2\/'><img loading=\"lazy\" decoding=\"async\" width=\"150\" height=\"150\" src=\"https:\/\/association360.ch\/trans\/wp-content\/uploads\/sites\/4\/2014\/11\/DSC_0272_2-150x150.jpg\" class=\"attachment-thumbnail size-thumbnail\" alt=\"\" aria-describedby=\"gallery-2-2029\" \/><\/a>\n\t\t\t<\/div>\n\t\t\t\t<figcaption class='wp-caption-text gallery-caption' id='gallery-2-2029'>\n\t\t\t\tPhotos: Irina Popa\n\t\t\t\t<\/figcaption><\/figure><figure class='gallery-item'>\n\t\t\t<div class='gallery-icon landscape'>\n\t\t\t\t<a href='https:\/\/association360.ch\/trans\/photos-transgender-day-of-remembrance-2014\/dsc_0279\/'><img loading=\"lazy\" decoding=\"async\" width=\"150\" height=\"150\" src=\"https:\/\/association360.ch\/trans\/wp-content\/uploads\/sites\/4\/2014\/11\/DSC_0279-150x150.jpg\" class=\"attachment-thumbnail size-thumbnail\" alt=\"\" aria-describedby=\"gallery-2-2031\" \/><\/a>\n\t\t\t<\/div>\n\t\t\t\t<figcaption class='wp-caption-text gallery-caption' id='gallery-2-2031'>\n\t\t\t\tPhotos: Irina Popa\n\t\t\t\t<\/figcaption><\/figure><figure class='gallery-item'>\n\t\t\t<div class='gallery-icon portrait'>\n\t\t\t\t<a href='https:\/\/association360.ch\/trans\/photos-transgender-day-of-remembrance-2014\/dsc_0280_2\/'><img loading=\"lazy\" decoding=\"async\" width=\"150\" height=\"150\" src=\"https:\/\/association360.ch\/trans\/wp-content\/uploads\/sites\/4\/2014\/11\/DSC_0280_2-150x150.jpg\" class=\"attachment-thumbnail size-thumbnail\" alt=\"\" aria-describedby=\"gallery-2-2032\" \/><\/a>\n\t\t\t<\/div>\n\t\t\t\t<figcaption class='wp-caption-text gallery-caption' id='gallery-2-2032'>\n\t\t\t\tPhotos: Irina Popa\n\t\t\t\t<\/figcaption><\/figure><figure class='gallery-item'>\n\t\t\t<div class='gallery-icon portrait'>\n\t\t\t\t<a href='https:\/\/association360.ch\/trans\/photos-transgender-day-of-remembrance-2014\/dsc_0284_2\/'><img loading=\"lazy\" decoding=\"async\" width=\"150\" height=\"150\" src=\"https:\/\/association360.ch\/trans\/wp-content\/uploads\/sites\/4\/2014\/11\/DSC_0284_2-150x150.jpg\" class=\"attachment-thumbnail size-thumbnail\" alt=\"\" aria-describedby=\"gallery-2-2033\" \/><\/a>\n\t\t\t<\/div>\n\t\t\t\t<figcaption class='wp-caption-text gallery-caption' id='gallery-2-2033'>\n\t\t\t\tPhotos: Irina Popa\n\t\t\t\t<\/figcaption><\/figure><figure class='gallery-item'>\n\t\t\t<div class='gallery-icon landscape'>\n\t\t\t\t<a href='https:\/\/association360.ch\/trans\/photos-transgender-day-of-remembrance-2014\/dsc_0286\/'><img loading=\"lazy\" decoding=\"async\" width=\"150\" height=\"150\" src=\"https:\/\/association360.ch\/trans\/wp-content\/uploads\/sites\/4\/2014\/11\/DSC_0286-150x150.jpg\" class=\"attachment-thumbnail size-thumbnail\" alt=\"\" aria-describedby=\"gallery-2-2034\" \/><\/a>\n\t\t\t<\/div>\n\t\t\t\t<figcaption class='wp-caption-text gallery-caption' id='gallery-2-2034'>\n\t\t\t\tPhotos: Irina Popa\n\t\t\t\t<\/figcaption><\/figure><figure class='gallery-item'>\n\t\t\t<div class='gallery-icon landscape'>\n\t\t\t\t<a href='https:\/\/association360.ch\/trans\/photos-transgender-day-of-remembrance-2014\/dsc_0292\/'><img loading=\"lazy\" decoding=\"async\" width=\"150\" height=\"150\" src=\"https:\/\/association360.ch\/trans\/wp-content\/uploads\/sites\/4\/2014\/11\/DSC_0292-150x150.jpg\" class=\"attachment-thumbnail size-thumbnail\" alt=\"\" aria-describedby=\"gallery-2-2035\" \/><\/a>\n\t\t\t<\/div>\n\t\t\t\t<figcaption class='wp-caption-text gallery-caption' id='gallery-2-2035'>\n\t\t\t\tPhotos: Irina Popa\n\t\t\t\t<\/figcaption><\/figure><figure class='gallery-item'>\n\t\t\t<div class='gallery-icon landscape'>\n\t\t\t\t<a href='https:\/\/association360.ch\/trans\/photos-transgender-day-of-remembrance-2014\/dsc_0293\/'><img loading=\"lazy\" decoding=\"async\" width=\"150\" height=\"150\" src=\"https:\/\/association360.ch\/trans\/wp-content\/uploads\/sites\/4\/2014\/11\/DSC_0293-150x150.jpg\" class=\"attachment-thumbnail size-thumbnail\" alt=\"\" aria-describedby=\"gallery-2-2036\" \/><\/a>\n\t\t\t<\/div>\n\t\t\t\t<figcaption class='wp-caption-text gallery-caption' id='gallery-2-2036'>\n\t\t\t\tPhotos: Irina Popa\n\t\t\t\t<\/figcaption><\/figure><figure class='gallery-item'>\n\t\t\t<div class='gallery-icon landscape'>\n\t\t\t\t<a href='https:\/\/association360.ch\/trans\/photos-transgender-day-of-remembrance-2014\/dsc_0294\/'><img loading=\"lazy\" decoding=\"async\" width=\"150\" height=\"150\" src=\"https:\/\/association360.ch\/trans\/wp-content\/uploads\/sites\/4\/2014\/11\/DSC_0294-150x150.jpg\" class=\"attachment-thumbnail size-thumbnail\" alt=\"\" aria-describedby=\"gallery-2-2037\" \/><\/a>\n\t\t\t<\/div>\n\t\t\t\t<figcaption class='wp-caption-text gallery-caption' id='gallery-2-2037'>\n\t\t\t\tPhotos: Irina Popa\n\t\t\t\t<\/figcaption><\/figure><figure class='gallery-item'>\n\t\t\t<div class='gallery-icon landscape'>\n\t\t\t\t<a href='https:\/\/association360.ch\/trans\/photos-transgender-day-of-remembrance-2014\/dsc_0298\/'><img loading=\"lazy\" decoding=\"async\" width=\"150\" height=\"150\" src=\"https:\/\/association360.ch\/trans\/wp-content\/uploads\/sites\/4\/2014\/11\/DSC_0298-150x150.jpg\" class=\"attachment-thumbnail size-thumbnail\" alt=\"\" aria-describedby=\"gallery-2-2038\" \/><\/a>\n\t\t\t<\/div>\n\t\t\t\t<figcaption class='wp-caption-text gallery-caption' id='gallery-2-2038'>\n\t\t\t\tPhotos: Irina Popa\n\t\t\t\t<\/figcaption><\/figure><figure class='gallery-item'>\n\t\t\t<div class='gallery-icon landscape'>\n\t\t\t\t<a href='https:\/\/association360.ch\/trans\/photos-transgender-day-of-remembrance-2014\/dsc_0301\/'><img loading=\"lazy\" decoding=\"async\" width=\"150\" height=\"150\" src=\"https:\/\/association360.ch\/trans\/wp-content\/uploads\/sites\/4\/2014\/11\/DSC_0301-150x150.jpg\" class=\"attachment-thumbnail size-thumbnail\" alt=\"\" aria-describedby=\"gallery-2-2039\" \/><\/a>\n\t\t\t<\/div>\n\t\t\t\t<figcaption class='wp-caption-text gallery-caption' id='gallery-2-2039'>\n\t\t\t\tPhotos: Irina Popa\n\t\t\t\t<\/figcaption><\/figure><figure class='gallery-item'>\n\t\t\t<div class='gallery-icon portrait'>\n\t\t\t\t<a href='https:\/\/association360.ch\/trans\/photos-transgender-day-of-remembrance-2014\/dsc_0304_2\/'><img loading=\"lazy\" decoding=\"async\" width=\"150\" height=\"150\" src=\"https:\/\/association360.ch\/trans\/wp-content\/uploads\/sites\/4\/2014\/11\/DSC_0304_2-150x150.jpg\" class=\"attachment-thumbnail size-thumbnail\" alt=\"\" aria-describedby=\"gallery-2-2040\" \/><\/a>\n\t\t\t<\/div>\n\t\t\t\t<figcaption class='wp-caption-text gallery-caption' id='gallery-2-2040'>\n\t\t\t\tPhotos: Irina Popa\n\t\t\t\t<\/figcaption><\/figure><figure class='gallery-item'>\n\t\t\t<div class='gallery-icon landscape'>\n\t\t\t\t<a href='https:\/\/association360.ch\/trans\/photos-transgender-day-of-remembrance-2014\/dsc_0310\/'><img loading=\"lazy\" decoding=\"async\" width=\"150\" height=\"150\" src=\"https:\/\/association360.ch\/trans\/wp-content\/uploads\/sites\/4\/2014\/11\/DSC_0310-150x150.jpg\" class=\"attachment-thumbnail size-thumbnail\" alt=\"\" aria-describedby=\"gallery-2-2042\" \/><\/a>\n\t\t\t<\/div>\n\t\t\t\t<figcaption class='wp-caption-text gallery-caption' id='gallery-2-2042'>\n\t\t\t\tPhotos: Irina Popa\n\t\t\t\t<\/figcaption><\/figure><figure class='gallery-item'>\n\t\t\t<div class='gallery-icon landscape'>\n\t\t\t\t<a href='https:\/\/association360.ch\/trans\/photos-transgender-day-of-remembrance-2014\/dsc_0314\/'><img loading=\"lazy\" decoding=\"async\" width=\"150\" height=\"150\" src=\"https:\/\/association360.ch\/trans\/wp-content\/uploads\/sites\/4\/2014\/11\/DSC_0314-150x150.jpg\" class=\"attachment-thumbnail size-thumbnail\" alt=\"\" aria-describedby=\"gallery-2-2043\" \/><\/a>\n\t\t\t<\/div>\n\t\t\t\t<figcaption class='wp-caption-text gallery-caption' id='gallery-2-2043'>\n\t\t\t\tPhotos: Irina Popa\n\t\t\t\t<\/figcaption><\/figure><figure class='gallery-item'>\n\t\t\t<div class='gallery-icon portrait'>\n\t\t\t\t<a href='https:\/\/association360.ch\/trans\/photos-transgender-day-of-remembrance-2014\/dsc_0315\/'><img loading=\"lazy\" decoding=\"async\" width=\"150\" height=\"150\" src=\"https:\/\/association360.ch\/trans\/wp-content\/uploads\/sites\/4\/2014\/11\/DSC_0315-150x150.jpg\" class=\"attachment-thumbnail size-thumbnail\" alt=\"\" aria-describedby=\"gallery-2-2044\" \/><\/a>\n\t\t\t<\/div>\n\t\t\t\t<figcaption class='wp-caption-text gallery-caption' id='gallery-2-2044'>\n\t\t\t\tPhotos: Irina Popa\n\t\t\t\t<\/figcaption><\/figure><figure class='gallery-item'>\n\t\t\t<div class='gallery-icon landscape'>\n\t\t\t\t<a href='https:\/\/association360.ch\/trans\/photos-transgender-day-of-remembrance-2014\/dsc_0318\/'><img loading=\"lazy\" decoding=\"async\" width=\"150\" height=\"150\" src=\"https:\/\/association360.ch\/trans\/wp-content\/uploads\/sites\/4\/2014\/11\/DSC_0318-150x150.jpg\" class=\"attachment-thumbnail size-thumbnail\" alt=\"\" aria-describedby=\"gallery-2-2045\" \/><\/a>\n\t\t\t<\/div>\n\t\t\t\t<figcaption class='wp-caption-text gallery-caption' id='gallery-2-2045'>\n\t\t\t\tPhotos: Irina Popa\n\t\t\t\t<\/figcaption><\/figure><figure class='gallery-item'>\n\t\t\t<div class='gallery-icon landscape'>\n\t\t\t\t<a href='https:\/\/association360.ch\/trans\/photos-transgender-day-of-remembrance-2014\/dsc_0321\/'><img loading=\"lazy\" decoding=\"async\" width=\"150\" height=\"150\" src=\"https:\/\/association360.ch\/trans\/wp-content\/uploads\/sites\/4\/2014\/11\/DSC_0321-150x150.jpg\" class=\"attachment-thumbnail size-thumbnail\" alt=\"\" aria-describedby=\"gallery-2-2046\" \/><\/a>\n\t\t\t<\/div>\n\t\t\t\t<figcaption class='wp-caption-text gallery-caption' id='gallery-2-2046'>\n\t\t\t\tPhotos: Irina Popa\n\t\t\t\t<\/figcaption><\/figure><figure class='gallery-item'>\n\t\t\t<div class='gallery-icon landscape'>\n\t\t\t\t<a href='https:\/\/association360.ch\/trans\/photos-transgender-day-of-remembrance-2014\/dsc_0331\/'><img loading=\"lazy\" decoding=\"async\" width=\"150\" height=\"150\" src=\"https:\/\/association360.ch\/trans\/wp-content\/uploads\/sites\/4\/2014\/11\/DSC_0331-150x150.jpg\" class=\"attachment-thumbnail size-thumbnail\" alt=\"\" aria-describedby=\"gallery-2-2048\" \/><\/a>\n\t\t\t<\/div>\n\t\t\t\t<figcaption class='wp-caption-text gallery-caption' id='gallery-2-2048'>\n\t\t\t\tPhotos: Irina Popa\n\t\t\t\t<\/figcaption><\/figure><figure class='gallery-item'>\n\t\t\t<div class='gallery-icon landscape'>\n\t\t\t\t<a href='https:\/\/association360.ch\/trans\/photos-transgender-day-of-remembrance-2014\/dsc_0333\/'><img loading=\"lazy\" decoding=\"async\" width=\"150\" height=\"150\" src=\"https:\/\/association360.ch\/trans\/wp-content\/uploads\/sites\/4\/2014\/11\/DSC_0333-150x150.jpg\" class=\"attachment-thumbnail size-thumbnail\" alt=\"\" aria-describedby=\"gallery-2-2049\" \/><\/a>\n\t\t\t<\/div>\n\t\t\t\t<figcaption class='wp-caption-text gallery-caption' id='gallery-2-2049'>\n\t\t\t\tPhotos: Irina Popa\n\t\t\t\t<\/figcaption><\/figure><figure class='gallery-item'>\n\t\t\t<div class='gallery-icon portrait'>\n\t\t\t\t<a href='https:\/\/association360.ch\/trans\/photos-transgender-day-of-remembrance-2014\/dsc_0338_2\/'><img loading=\"lazy\" decoding=\"async\" width=\"150\" height=\"150\" src=\"https:\/\/association360.ch\/trans\/wp-content\/uploads\/sites\/4\/2014\/11\/DSC_0338_2-150x150.jpg\" class=\"attachment-thumbnail size-thumbnail\" alt=\"\" aria-describedby=\"gallery-2-2050\" \/><\/a>\n\t\t\t<\/div>\n\t\t\t\t<figcaption class='wp-caption-text gallery-caption' id='gallery-2-2050'>\n\t\t\t\tPhotos: Irina Popa\n\t\t\t\t<\/figcaption><\/figure><figure class='gallery-item'>\n\t\t\t<div class='gallery-icon portrait'>\n\t\t\t\t<a href='https:\/\/association360.ch\/trans\/photos-transgender-day-of-remembrance-2014\/dsc_0339_2\/'><img loading=\"lazy\" decoding=\"async\" width=\"150\" height=\"150\" src=\"https:\/\/association360.ch\/trans\/wp-content\/uploads\/sites\/4\/2014\/11\/DSC_0339_2-150x150.jpg\" class=\"attachment-thumbnail size-thumbnail\" alt=\"\" aria-describedby=\"gallery-2-2051\" \/><\/a>\n\t\t\t<\/div>\n\t\t\t\t<figcaption class='wp-caption-text gallery-caption' id='gallery-2-2051'>\n\t\t\t\tPhotos: Irina Popa\n\t\t\t\t<\/figcaption><\/figure><figure class='gallery-item'>\n\t\t\t<div class='gallery-icon portrait'>\n\t\t\t\t<a href='https:\/\/association360.ch\/trans\/photos-transgender-day-of-remembrance-2014\/dsc_0341_2\/'><img loading=\"lazy\" decoding=\"async\" width=\"150\" height=\"150\" src=\"https:\/\/association360.ch\/trans\/wp-content\/uploads\/sites\/4\/2014\/11\/DSC_0341_2-150x150.jpg\" class=\"attachment-thumbnail size-thumbnail\" alt=\"\" aria-describedby=\"gallery-2-2052\" \/><\/a>\n\t\t\t<\/div>\n\t\t\t\t<figcaption class='wp-caption-text gallery-caption' id='gallery-2-2052'>\n\t\t\t\tPhotos: Irina Popa\n\t\t\t\t<\/figcaption><\/figure><figure class='gallery-item'>\n\t\t\t<div class='gallery-icon landscape'>\n\t\t\t\t<a href='https:\/\/association360.ch\/trans\/photos-transgender-day-of-remembrance-2014\/dsc_0344\/'><img loading=\"lazy\" decoding=\"async\" width=\"150\" height=\"150\" src=\"https:\/\/association360.ch\/trans\/wp-content\/uploads\/sites\/4\/2014\/11\/DSC_0344-150x150.jpg\" class=\"attachment-thumbnail size-thumbnail\" alt=\"\" aria-describedby=\"gallery-2-2053\" \/><\/a>\n\t\t\t<\/div>\n\t\t\t\t<figcaption class='wp-caption-text gallery-caption' id='gallery-2-2053'>\n\t\t\t\tPhotos: Irina Popa\n\t\t\t\t<\/figcaption><\/figure><figure class='gallery-item'>\n\t\t\t<div class='gallery-icon portrait'>\n\t\t\t\t<a href='https:\/\/association360.ch\/trans\/photos-transgender-day-of-remembrance-2014\/dsc_0351_2\/'><img loading=\"lazy\" decoding=\"async\" width=\"150\" height=\"150\" src=\"https:\/\/association360.ch\/trans\/wp-content\/uploads\/sites\/4\/2014\/11\/DSC_0351_2-150x150.jpg\" class=\"attachment-thumbnail size-thumbnail\" alt=\"\" aria-describedby=\"gallery-2-2054\" \/><\/a>\n\t\t\t<\/div>\n\t\t\t\t<figcaption class='wp-caption-text gallery-caption' id='gallery-2-2054'>\n\t\t\t\tPhotos: Irina Popa\n\t\t\t\t<\/figcaption><\/figure><figure class='gallery-item'>\n\t\t\t<div class='gallery-icon landscape'>\n\t\t\t\t<a href='https:\/\/association360.ch\/trans\/photos-transgender-day-of-remembrance-2014\/dsc_0354\/'><img loading=\"lazy\" decoding=\"async\" width=\"150\" height=\"150\" src=\"https:\/\/association360.ch\/trans\/wp-content\/uploads\/sites\/4\/2014\/11\/DSC_0354-150x150.jpg\" class=\"attachment-thumbnail size-thumbnail\" alt=\"\" aria-describedby=\"gallery-2-2055\" \/><\/a>\n\t\t\t<\/div>\n\t\t\t\t<figcaption class='wp-caption-text gallery-caption' id='gallery-2-2055'>\n\t\t\t\tPhotos: Irina Popa\n\t\t\t\t<\/figcaption><\/figure><figure class='gallery-item'>\n\t\t\t<div class='gallery-icon landscape'>\n\t\t\t\t<a href='https:\/\/association360.ch\/trans\/photos-transgender-day-of-remembrance-2014\/dsc_0358\/'><img loading=\"lazy\" decoding=\"async\" width=\"150\" height=\"150\" src=\"https:\/\/association360.ch\/trans\/wp-content\/uploads\/sites\/4\/2014\/11\/DSC_0358-150x150.jpg\" class=\"attachment-thumbnail size-thumbnail\" alt=\"\" aria-describedby=\"gallery-2-2056\" \/><\/a>\n\t\t\t<\/div>\n\t\t\t\t<figcaption class='wp-caption-text gallery-caption' id='gallery-2-2056'>\n\t\t\t\tPhotos: Irina Popa\n\t\t\t\t<\/figcaption><\/figure><figure class='gallery-item'>\n\t\t\t<div class='gallery-icon portrait'>\n\t\t\t\t<a href='https:\/\/association360.ch\/trans\/photos-transgender-day-of-remembrance-2014\/dsc_0361_2\/'><img loading=\"lazy\" decoding=\"async\" width=\"150\" height=\"150\" src=\"https:\/\/association360.ch\/trans\/wp-content\/uploads\/sites\/4\/2014\/11\/DSC_0361_2-150x150.jpg\" class=\"attachment-thumbnail size-thumbnail\" alt=\"\" aria-describedby=\"gallery-2-2057\" \/><\/a>\n\t\t\t<\/div>\n\t\t\t\t<figcaption class='wp-caption-text gallery-caption' id='gallery-2-2057'>\n\t\t\t\tPhotos: Irina Popa\n\t\t\t\t<\/figcaption><\/figure><figure class='gallery-item'>\n\t\t\t<div class='gallery-icon portrait'>\n\t\t\t\t<a href='https:\/\/association360.ch\/trans\/photos-transgender-day-of-remembrance-2014\/dsc_0364_2\/'><img loading=\"lazy\" decoding=\"async\" width=\"150\" height=\"150\" src=\"https:\/\/association360.ch\/trans\/wp-content\/uploads\/sites\/4\/2014\/11\/DSC_0364_2-150x150.jpg\" class=\"attachment-thumbnail size-thumbnail\" alt=\"\" aria-describedby=\"gallery-2-2058\" \/><\/a>\n\t\t\t<\/div>\n\t\t\t\t<figcaption class='wp-caption-text gallery-caption' id='gallery-2-2058'>\n\t\t\t\tPhotos: Irina Popa\n\t\t\t\t<\/figcaption><\/figure><figure class='gallery-item'>\n\t\t\t<div class='gallery-icon portrait'>\n\t\t\t\t<a href='https:\/\/association360.ch\/trans\/photos-transgender-day-of-remembrance-2014\/dsc_0366_2\/'><img loading=\"lazy\" decoding=\"async\" width=\"150\" height=\"150\" src=\"https:\/\/association360.ch\/trans\/wp-content\/uploads\/sites\/4\/2014\/11\/DSC_0366_2-150x150.jpg\" class=\"attachment-thumbnail size-thumbnail\" alt=\"\" aria-describedby=\"gallery-2-2059\" \/><\/a>\n\t\t\t<\/div>\n\t\t\t\t<figcaption class='wp-caption-text gallery-caption' id='gallery-2-2059'>\n\t\t\t\tPhotos: Irina Popa\n\t\t\t\t<\/figcaption><\/figure><figure class='gallery-item'>\n\t\t\t<div class='gallery-icon portrait'>\n\t\t\t\t<a href='https:\/\/association360.ch\/trans\/photos-transgender-day-of-remembrance-2014\/dsc_0367_2\/'><img loading=\"lazy\" decoding=\"async\" width=\"150\" height=\"150\" src=\"https:\/\/association360.ch\/trans\/wp-content\/uploads\/sites\/4\/2014\/11\/DSC_0367_2-150x150.jpg\" class=\"attachment-thumbnail size-thumbnail\" alt=\"\" aria-describedby=\"gallery-2-2060\" \/><\/a>\n\t\t\t<\/div>\n\t\t\t\t<figcaption class='wp-caption-text gallery-caption' id='gallery-2-2060'>\n\t\t\t\tPhotos: Irina Popa\n\t\t\t\t<\/figcaption><\/figure><figure class='gallery-item'>\n\t\t\t<div class='gallery-icon portrait'>\n\t\t\t\t<a href='https:\/\/association360.ch\/trans\/photos-transgender-day-of-remembrance-2014\/dsc_0371_2\/'><img loading=\"lazy\" decoding=\"async\" width=\"150\" height=\"150\" src=\"https:\/\/association360.ch\/trans\/wp-content\/uploads\/sites\/4\/2014\/11\/DSC_0371_2-150x150.jpg\" class=\"attachment-thumbnail size-thumbnail\" alt=\"\" aria-describedby=\"gallery-2-2061\" \/><\/a>\n\t\t\t<\/div>\n\t\t\t\t<figcaption class='wp-caption-text gallery-caption' id='gallery-2-2061'>\n\t\t\t\tPhotos: Irina Popa\n\t\t\t\t<\/figcaption><\/figure><figure class='gallery-item'>\n\t\t\t<div class='gallery-icon portrait'>\n\t\t\t\t<a href='https:\/\/association360.ch\/trans\/photos-transgender-day-of-remembrance-2014\/dsc_0375_2\/'><img loading=\"lazy\" decoding=\"async\" width=\"150\" height=\"150\" src=\"https:\/\/association360.ch\/trans\/wp-content\/uploads\/sites\/4\/2014\/11\/DSC_0375_2-150x150.jpg\" class=\"attachment-thumbnail size-thumbnail\" alt=\"\" aria-describedby=\"gallery-2-2062\" \/><\/a>\n\t\t\t<\/div>\n\t\t\t\t<figcaption class='wp-caption-text gallery-caption' id='gallery-2-2062'>\n\t\t\t\tPhotos: Irina Popa\n\t\t\t\t<\/figcaption><\/figure><figure class='gallery-item'>\n\t\t\t<div class='gallery-icon portrait'>\n\t\t\t\t<a href='https:\/\/association360.ch\/trans\/photos-transgender-day-of-remembrance-2014\/dsc_0379_2\/'><img loading=\"lazy\" decoding=\"async\" width=\"150\" height=\"150\" src=\"https:\/\/association360.ch\/trans\/wp-content\/uploads\/sites\/4\/2014\/11\/DSC_0379_2-150x150.jpg\" class=\"attachment-thumbnail size-thumbnail\" alt=\"\" aria-describedby=\"gallery-2-2063\" \/><\/a>\n\t\t\t<\/div>\n\t\t\t\t<figcaption class='wp-caption-text gallery-caption' id='gallery-2-2063'>\n\t\t\t\tPhotos: Irina Popa\n\t\t\t\t<\/figcaption><\/figure><figure class='gallery-item'>\n\t\t\t<div class='gallery-icon portrait'>\n\t\t\t\t<a href='https:\/\/association360.ch\/trans\/photos-transgender-day-of-remembrance-2014\/dsc_0392_2\/'><img loading=\"lazy\" decoding=\"async\" width=\"150\" height=\"150\" src=\"https:\/\/association360.ch\/trans\/wp-content\/uploads\/sites\/4\/2014\/11\/DSC_0392_2-150x150.jpg\" class=\"attachment-thumbnail size-thumbnail\" alt=\"\" aria-describedby=\"gallery-2-2064\" \/><\/a>\n\t\t\t<\/div>\n\t\t\t\t<figcaption class='wp-caption-text gallery-caption' id='gallery-2-2064'>\n\t\t\t\tPhotos: Irina Popa\n\t\t\t\t<\/figcaption><\/figure><figure class='gallery-item'>\n\t\t\t<div class='gallery-icon landscape'>\n\t\t\t\t<a href='https:\/\/association360.ch\/trans\/photos-transgender-day-of-remembrance-2014\/dsc_0396\/'><img loading=\"lazy\" decoding=\"async\" width=\"150\" height=\"150\" src=\"https:\/\/association360.ch\/trans\/wp-content\/uploads\/sites\/4\/2014\/11\/DSC_0396-150x150.jpg\" class=\"attachment-thumbnail size-thumbnail\" alt=\"\" aria-describedby=\"gallery-2-2066\" \/><\/a>\n\t\t\t<\/div>\n\t\t\t\t<figcaption class='wp-caption-text gallery-caption' id='gallery-2-2066'>\n\t\t\t\tPhotos: Irina Popa\n\t\t\t\t<\/figcaption><\/figure><figure class='gallery-item'>\n\t\t\t<div class='gallery-icon portrait'>\n\t\t\t\t<a href='https:\/\/association360.ch\/trans\/photos-transgender-day-of-remembrance-2014\/dsc_0399_2\/'><img loading=\"lazy\" decoding=\"async\" width=\"150\" height=\"150\" src=\"https:\/\/association360.ch\/trans\/wp-content\/uploads\/sites\/4\/2014\/11\/DSC_0399_2-150x150.jpg\" class=\"attachment-thumbnail size-thumbnail\" alt=\"\" aria-describedby=\"gallery-2-2067\" \/><\/a>\n\t\t\t<\/div>\n\t\t\t\t<figcaption class='wp-caption-text gallery-caption' id='gallery-2-2067'>\n\t\t\t\tPhotos: Irina Popa\n\t\t\t\t<\/figcaption><\/figure><figure class='gallery-item'>\n\t\t\t<div class='gallery-icon landscape'>\n\t\t\t\t<a href='https:\/\/association360.ch\/trans\/photos-transgender-day-of-remembrance-2014\/dsc_0409\/'><img loading=\"lazy\" decoding=\"async\" width=\"150\" height=\"150\" src=\"https:\/\/association360.ch\/trans\/wp-content\/uploads\/sites\/4\/2014\/11\/DSC_0409-150x150.jpg\" class=\"attachment-thumbnail size-thumbnail\" alt=\"\" aria-describedby=\"gallery-2-2068\" \/><\/a>\n\t\t\t<\/div>\n\t\t\t\t<figcaption class='wp-caption-text gallery-caption' id='gallery-2-2068'>\n\t\t\t\tPhotos: Irina Popa\n\t\t\t\t<\/figcaption><\/figure><figure class='gallery-item'>\n\t\t\t<div class='gallery-icon landscape'>\n\t\t\t\t<a href='https:\/\/association360.ch\/trans\/photos-transgender-day-of-remembrance-2014\/dsc_0413\/'><img loading=\"lazy\" decoding=\"async\" width=\"150\" height=\"150\" src=\"https:\/\/association360.ch\/trans\/wp-content\/uploads\/sites\/4\/2014\/11\/DSC_0413-150x150.jpg\" class=\"attachment-thumbnail size-thumbnail\" alt=\"\" aria-describedby=\"gallery-2-2069\" \/><\/a>\n\t\t\t<\/div>\n\t\t\t\t<figcaption class='wp-caption-text gallery-caption' id='gallery-2-2069'>\n\t\t\t\tPhotos: Irina Popa\n\t\t\t\t<\/figcaption><\/figure><figure class='gallery-item'>\n\t\t\t<div class='gallery-icon landscape'>\n\t\t\t\t<a href='https:\/\/association360.ch\/trans\/photos-transgender-day-of-remembrance-2014\/dsc_0418\/'><img loading=\"lazy\" decoding=\"async\" width=\"150\" height=\"150\" src=\"https:\/\/association360.ch\/trans\/wp-content\/uploads\/sites\/4\/2014\/11\/DSC_0418-150x150.jpg\" class=\"attachment-thumbnail size-thumbnail\" alt=\"\" aria-describedby=\"gallery-2-2070\" \/><\/a>\n\t\t\t<\/div>\n\t\t\t\t<figcaption class='wp-caption-text gallery-caption' id='gallery-2-2070'>\n\t\t\t\tPhotos: Irina Popa\n\t\t\t\t<\/figcaption><\/figure><figure class='gallery-item'>\n\t\t\t<div class='gallery-icon landscape'>\n\t\t\t\t<a href='https:\/\/association360.ch\/trans\/photos-transgender-day-of-remembrance-2014\/dsc_0425\/'><img loading=\"lazy\" decoding=\"async\" width=\"150\" height=\"150\" src=\"https:\/\/association360.ch\/trans\/wp-content\/uploads\/sites\/4\/2014\/11\/DSC_0425-150x150.jpg\" class=\"attachment-thumbnail size-thumbnail\" alt=\"\" aria-describedby=\"gallery-2-2071\" \/><\/a>\n\t\t\t<\/div>\n\t\t\t\t<figcaption class='wp-caption-text gallery-caption' id='gallery-2-2071'>\n\t\t\t\tPhotos: Irina Popa\n\t\t\t\t<\/figcaption><\/figure>\n\t\t<\/div>\n\n","protected":false},"excerpt":{"rendered":"<p>En ce jeudi 20 novembre 2014, pour la journ\u00e9e internationale du Souvenir Trans* (TDoR), nous avons honor\u00e9 la m\u00e9moire des personnes trans* assassin\u00e9es dans le monde et manifest\u00e9 contre la transphobie sous toutes ses formes. Cette ann\u00e9e, 226 transcides (homicides de personnes trans*) ont \u00e9t\u00e9 recens\u00e9s par l&rsquo;organisation Transgender Europe et ses partenaires. Nous avons [&hellip;]<\/p>\n","protected":false},"author":324,"featured_media":2023,"comment_status":"open","ping_status":"closed","sticky":false,"template":"","format":"standard","meta":{"_genesis_hide_title":false,"_genesis_hide_breadcrumbs":false,"_genesis_hide_singular_image":false,"_genesis_hide_footer_widgets":false,"_genesis_custom_body_class":"","_genesis_custom_post_class":"","_genesis_layout":"","footnotes":""},"categories":[5,1],"tags":[1774,1772,1757],"class_list":{"0":"post-1959","1":"post","2":"type-post","3":"status-publish","4":"format-standard","5":"has-post-thumbnail","7":"category-manifestation","8":"category-news","9":"tag-activisme","10":"tag-droits-humains","11":"tag-manifestation","12":"entry"},"featured_image_src":"https:\/\/association360.ch\/trans\/wp-content\/uploads\/sites\/4\/2014\/11\/DSC_0258.jpg","featured_image_src_square":"https:\/\/association360.ch\/trans\/wp-content\/uploads\/sites\/4\/2014\/11\/DSC_0258.jpg","author_info":{"display_name":"Chatty","author_link":"https:\/\/association360.ch\/trans\/author\/chatty\/"},"jetpack_featured_media_url":"https:\/\/association360.ch\/trans\/wp-content\/uploads\/sites\/4\/2014\/11\/DSC_0258.jpg","_links":{"self":[{"href":"https:\/\/association360.ch\/trans\/wp-json\/wp\/v2\/posts\/1959","targetHints":{"allow":["GET"]}}],"collection":[{"href":"https:\/\/association360.ch\/trans\/wp-json\/wp\/v2\/posts"}],"about":[{"href":"https:\/\/association360.ch\/trans\/wp-json\/wp\/v2\/types\/post"}],"author":[{"embeddable":true,"href":"https:\/\/association360.ch\/trans\/wp-json\/wp\/v2\/users\/324"}],"replies":[{"embeddable":true,"href":"https:\/\/association360.ch\/trans\/wp-json\/wp\/v2\/comments?post=1959"}],"version-history":[{"count":8,"href":"https:\/\/association360.ch\/trans\/wp-json\/wp\/v2\/posts\/1959\/revisions"}],"predecessor-version":[{"id":3309,"href":"https:\/\/association360.ch\/trans\/wp-json\/wp\/v2\/posts\/1959\/revisions\/3309"}],"wp:featuredmedia":[{"embeddable":true,"href":"https:\/\/association360.ch\/trans\/wp-json\/wp\/v2\/media\/2023"}],"wp:attachment":[{"href":"https:\/\/association360.ch\/trans\/wp-json\/wp\/v2\/media?parent=1959"}],"wp:term":[{"taxonomy":"category","embeddable":true,"href":"https:\/\/association360.ch\/trans\/wp-json\/wp\/v2\/categories?post=1959"},{"taxonomy":"post_tag","embeddable":true,"href":"https:\/\/association360.ch\/trans\/wp-json\/wp\/v2\/tags?post=1959"}],"curies":[{"name":"wp","href":"https:\/\/api.w.org\/{rel}","templated":true}]}}