{"id":2133,"date":"2015-09-16T17:15:25","date_gmt":"2015-09-16T16:15:25","guid":{"rendered":"http:\/\/association360.ch\/trans\/?p=2133"},"modified":"2020-04-21T18:40:12","modified_gmt":"2020-04-21T17:40:12","slug":"quebec-changement-etat-civil","status":"publish","type":"post","link":"https:\/\/association360.ch\/trans\/quebec-changement-etat-civil\/","title":{"rendered":"Qu\u00e9bec: Le changement d\u2019\u00e9tat civil par d\u00e9claration sous serment"},"content":{"rendered":"<p>[<em>source <a title=\"yagg.com : Qu\u00e9bec : Le changement d\u2019\u00e9tat civil par d\u00e9claration sous serment\" href=\"http:\/\/yagg.com\/2015\/09\/07\/quebec-le-changement-detat-civil-par-declaration-sous-serment\/\" target=\"_blank\" rel=\"noopener noreferrer\">Yagg.com<\/a>] <\/em>Qu\u00e9bec organisait ce week-end sa <a href=\"http:\/\/www.arcencielquebec.ca\/activites\/fete-arc-en-ciel\/programmation\/\" target=\"_blank\" rel=\"noopener noreferrer\">F\u00eate Arc-en-ciel<\/a>, et c&rsquo;est \u00e0 cette occasion que le gouvernement <a href=\"http:\/\/www.fil-information.gouv.qc.ca\/Pages\/Article.aspx?aiguillage=ajd&amp;type=1&amp;idArticle=2309058323\" target=\"_blank\" rel=\"noopener noreferrer\">a annonc\u00e9<\/a> l&rsquo;adoption par le Conseil des ministres des dispositions l\u00e9gislatives simplifiant le changement d&rsquo;\u00e9tat civil.<\/p>\n<p>\u00c0 compter du 1er octobre, les personnes trans&rsquo; pourront obtenir \u00abdes documents officiels refl\u00e9tant leur v\u00e9ritable identit\u00e9 de genre sans avoir l&rsquo;obligation de subir au pr\u00e9alable une chirurgie ou des traitements m\u00e9dicaux pour changer de sexe\u00bb, pr\u00e9cise le communiqu\u00e9. Concr\u00e8tement, la personne demandant le changement d&rsquo;\u00e9tat civil devra fournir une d\u00e9claration sous serment, \u00e0 laquelle devra \u00eatre jointe une autre d\u00e9claration sous serment d&rsquo;une personne qui la conna\u00eet depuis au moins un an et \u00abqui reconna\u00eet le s\u00e9rieux de la demande\u00bb.<br \/>\n<a title=\"yagg.com : Qu\u00e9bec : Le changement d\u2019\u00e9tat civil par d\u00e9claration sous serment\" href=\"http:\/\/yagg.com\/2015\/09\/07\/quebec-le-changement-detat-civil-par-declaration-sous-serment\/\" target=\"_blank\" rel=\"noopener noreferrer\">&gt;&gt;Lire la Suite<\/a> sur Yagg.com<em><br \/>\n<\/em><\/p>\n<p><em>source Yagg.com<br \/>\n<a title=\"yagg.com : Qu\u00e9bec : Le changement d\u2019\u00e9tat civil par d\u00e9claration sous serment\" href=\"http:\/\/yagg.com\/2015\/09\/07\/quebec-le-changement-detat-civil-par-declaration-sous-serment\/\" target=\"_blank\" rel=\"noopener noreferrer\">http:\/\/yagg.com\/2015\/09\/07\/quebec-le-changement-detat-civil-par-declaration-sous-serment\/<\/a><\/em><\/p>\n<p><em><a href=\"http:\/\/association360.ch\/trans\/wp-content\/uploads\/sites\/4\/2015\/09\/726cc2a616c8ab418cad958fe2179172.jpg\"><img loading=\"lazy\" decoding=\"async\" class=\"aligncenter size-full wp-image-2134\" alt=\"726cc2a616c8ab418cad958fe2179172\" src=\"http:\/\/association360.ch\/trans\/wp-content\/uploads\/sites\/4\/2015\/09\/726cc2a616c8ab418cad958fe2179172.jpg\" width=\"665\" height=\"409\" srcset=\"https:\/\/association360.ch\/trans\/wp-content\/uploads\/sites\/4\/2015\/09\/726cc2a616c8ab418cad958fe2179172.jpg 665w, https:\/\/association360.ch\/trans\/wp-content\/uploads\/sites\/4\/2015\/09\/726cc2a616c8ab418cad958fe2179172-300x184.jpg 300w\" sizes=\"auto, (max-width: 665px) 100vw, 665px\" \/><\/a><\/em><\/p>\n<p>L&rsquo;Argentine, Malte, les Pays Bas, l&rsquo;Irlande, le Danemark et maintenant le Quebec ont assoupli le changement d&rsquo;\u00e9tat civil pour les personnes trans*, sans exiger de traitements m\u00e9dicaux, ni chirurgies de r\u00e9assignation sexuelle, ni st\u00e9rilisations, en se basant essentiellement sur la d\u00e9claration d&rsquo;auto-d\u00e9finition de la personne concern\u00e9e&#8230; Alors \u00e0 quand pour la Suisse ?<\/p>\n","protected":false},"excerpt":{"rendered":"<p>[source Yagg.com] Qu\u00e9bec organisait ce week-end sa F\u00eate Arc-en-ciel, et c&rsquo;est \u00e0 cette occasion que le gouvernement a annonc\u00e9 l&rsquo;adoption par le Conseil des ministres des dispositions l\u00e9gislatives simplifiant le changement d&rsquo;\u00e9tat civil. \u00c0 compter du 1er octobre, les personnes trans&rsquo; pourront obtenir \u00abdes documents officiels refl\u00e9tant leur v\u00e9ritable identit\u00e9 de genre sans avoir l&rsquo;obligation [&hellip;]<\/p>\n","protected":false},"author":324,"featured_media":2134,"comment_status":"open","ping_status":"closed","sticky":false,"template":"","format":"standard","meta":{"_genesis_hide_title":false,"_genesis_hide_breadcrumbs":false,"_genesis_hide_singular_image":false,"_genesis_hide_footer_widgets":false,"_genesis_custom_body_class":"","_genesis_custom_post_class":"","_genesis_layout":"","footnotes":""},"categories":[11,1],"tags":[51,1772],"class_list":{"0":"post-2133","1":"post","2":"type-post","3":"status-publish","4":"format-standard","5":"has-post-thumbnail","7":"category-juridique","8":"category-news","9":"tag-changement-detat-civil","10":"tag-droits-humains","11":"entry"},"featured_image_src":"https:\/\/association360.ch\/trans\/wp-content\/uploads\/sites\/4\/2015\/09\/726cc2a616c8ab418cad958fe2179172.jpg","featured_image_src_square":"https:\/\/association360.ch\/trans\/wp-content\/uploads\/sites\/4\/2015\/09\/726cc2a616c8ab418cad958fe2179172.jpg","author_info":{"display_name":"Chatty","author_link":"https:\/\/association360.ch\/trans\/author\/chatty\/"},"jetpack_featured_media_url":"https:\/\/association360.ch\/trans\/wp-content\/uploads\/sites\/4\/2015\/09\/726cc2a616c8ab418cad958fe2179172.jpg","_links":{"self":[{"href":"https:\/\/association360.ch\/trans\/wp-json\/wp\/v2\/posts\/2133","targetHints":{"allow":["GET"]}}],"collection":[{"href":"https:\/\/association360.ch\/trans\/wp-json\/wp\/v2\/posts"}],"about":[{"href":"https:\/\/association360.ch\/trans\/wp-json\/wp\/v2\/types\/post"}],"author":[{"embeddable":true,"href":"https:\/\/association360.ch\/trans\/wp-json\/wp\/v2\/users\/324"}],"replies":[{"embeddable":true,"href":"https:\/\/association360.ch\/trans\/wp-json\/wp\/v2\/comments?post=2133"}],"version-history":[{"count":7,"href":"https:\/\/association360.ch\/trans\/wp-json\/wp\/v2\/posts\/2133\/revisions"}],"predecessor-version":[{"id":3308,"href":"https:\/\/association360.ch\/trans\/wp-json\/wp\/v2\/posts\/2133\/revisions\/3308"}],"wp:featuredmedia":[{"embeddable":true,"href":"https:\/\/association360.ch\/trans\/wp-json\/wp\/v2\/media\/2134"}],"wp:attachment":[{"href":"https:\/\/association360.ch\/trans\/wp-json\/wp\/v2\/media?parent=2133"}],"wp:term":[{"taxonomy":"category","embeddable":true,"href":"https:\/\/association360.ch\/trans\/wp-json\/wp\/v2\/categories?post=2133"},{"taxonomy":"post_tag","embeddable":true,"href":"https:\/\/association360.ch\/trans\/wp-json\/wp\/v2\/tags?post=2133"}],"curies":[{"name":"wp","href":"https:\/\/api.w.org\/{rel}","templated":true}]}}