{"id":2143,"date":"2015-09-22T16:41:29","date_gmt":"2015-09-22T15:41:29","guid":{"rendered":"http:\/\/association360.ch\/trans\/?p=2143"},"modified":"2020-04-21T18:40:04","modified_gmt":"2020-04-21T17:40:04","slug":"vos-papiers","status":"publish","type":"post","link":"https:\/\/association360.ch\/trans\/vos-papiers\/","title":{"rendered":"\u00ab\u00a0Vos Papiers\u00a0\u00bb, documentaire"},"content":{"rendered":"<p>Photomatons crois\u00e9s de 7 gar\u00e7ons et filles trans qui nous parlent de leur rapport aux papiers d\u2019identit\u00e9.<\/p>\n<p>R\u00e9alis\u00e9 par Bruce, produit par Juliette Jung pour What The F !<\/p>\n<p>https:\/\/vimeo.com\/117917654<\/p>\n<h2>What The F !<\/h2>\n<p>What The film! est une association de cin\u00e9ma militant fond\u00e9e en janvier 2011.<\/p>\n<blockquote><p>\u00abNous sommes des militantEs, nous travaillons dans le cin\u00e9ma et les arts visuels. Nous avons eu envie de faire des films politiques avec une ambition artistique. WTF! veut ainsi contribuer \u00e0 v\u00e9hiculer des discours militants \u00e0 travers une forme populaire et des partis pris esth\u00e9tiques. Produire, r\u00e9aliser, diffuser, projeter pour d\u00e9cloisonner les cultures et faire circuler les discours de pr\u00e9vention, f\u00e9ministes, de lutte pour les droits des minorit\u00e9s : voil\u00e0 ce qui nous anime.\u00bb<\/p><\/blockquote>\n<p><a title=\"Beware ! What the F !\" href=\"http:\/\/www.spottonslatransphobie.org\/beware\/\" target=\"_blank\" rel=\"noopener noreferrer\">http:\/\/www.spottonslatransphobie.org\/beware\/<\/a><\/p>\n","protected":false},"excerpt":{"rendered":"<p>Photomatons crois\u00e9s de 7 gar\u00e7ons et filles trans qui nous parlent de leur rapport aux papiers d\u2019identit\u00e9. R\u00e9alis\u00e9 par Bruce, produit par Juliette Jung pour What The F ! https:\/\/vimeo.com\/117917654 What The F ! What The film! est une association de cin\u00e9ma militant fond\u00e9e en janvier 2011. \u00abNous sommes des militantEs, nous travaillons dans le [&hellip;]<\/p>\n","protected":false},"author":324,"featured_media":2145,"comment_status":"open","ping_status":"closed","sticky":false,"template":"","format":"standard","meta":{"_genesis_hide_title":false,"_genesis_hide_breadcrumbs":false,"_genesis_hide_singular_image":false,"_genesis_hide_footer_widgets":false,"_genesis_custom_body_class":"","_genesis_custom_post_class":"","_genesis_layout":"","footnotes":""},"categories":[21,52,40,1],"tags":[1772,53],"class_list":{"0":"post-2143","1":"post","2":"type-post","3":"status-publish","4":"format-standard","5":"has-post-thumbnail","7":"category-documentaire","8":"category-film-trans","9":"category-medias","10":"category-news","11":"tag-droits-humains","12":"tag-temoignages","13":"entry"},"featured_image_src":"https:\/\/association360.ch\/trans\/wp-content\/uploads\/sites\/4\/2015\/09\/vos-papiers.jpg","featured_image_src_square":"https:\/\/association360.ch\/trans\/wp-content\/uploads\/sites\/4\/2015\/09\/vos-papiers.jpg","author_info":{"display_name":"Chatty","author_link":"https:\/\/association360.ch\/trans\/author\/chatty\/"},"jetpack_featured_media_url":"https:\/\/association360.ch\/trans\/wp-content\/uploads\/sites\/4\/2015\/09\/vos-papiers.jpg","_links":{"self":[{"href":"https:\/\/association360.ch\/trans\/wp-json\/wp\/v2\/posts\/2143","targetHints":{"allow":["GET"]}}],"collection":[{"href":"https:\/\/association360.ch\/trans\/wp-json\/wp\/v2\/posts"}],"about":[{"href":"https:\/\/association360.ch\/trans\/wp-json\/wp\/v2\/types\/post"}],"author":[{"embeddable":true,"href":"https:\/\/association360.ch\/trans\/wp-json\/wp\/v2\/users\/324"}],"replies":[{"embeddable":true,"href":"https:\/\/association360.ch\/trans\/wp-json\/wp\/v2\/comments?post=2143"}],"version-history":[{"count":8,"href":"https:\/\/association360.ch\/trans\/wp-json\/wp\/v2\/posts\/2143\/revisions"}],"predecessor-version":[{"id":3307,"href":"https:\/\/association360.ch\/trans\/wp-json\/wp\/v2\/posts\/2143\/revisions\/3307"}],"wp:featuredmedia":[{"embeddable":true,"href":"https:\/\/association360.ch\/trans\/wp-json\/wp\/v2\/media\/2145"}],"wp:attachment":[{"href":"https:\/\/association360.ch\/trans\/wp-json\/wp\/v2\/media?parent=2143"}],"wp:term":[{"taxonomy":"category","embeddable":true,"href":"https:\/\/association360.ch\/trans\/wp-json\/wp\/v2\/categories?post=2143"},{"taxonomy":"post_tag","embeddable":true,"href":"https:\/\/association360.ch\/trans\/wp-json\/wp\/v2\/tags?post=2143"}],"curies":[{"name":"wp","href":"https:\/\/api.w.org\/{rel}","templated":true}]}}