{"id":2247,"date":"2015-11-25T17:25:27","date_gmt":"2015-11-25T16:25:27","guid":{"rendered":"http:\/\/association360.ch\/trans\/?p=2247"},"modified":"2020-04-21T18:39:32","modified_gmt":"2020-04-21T17:39:32","slug":"photos-manif-tdor-2015-soiree-tords-le-cou-a-ton-genre","status":"publish","type":"post","link":"https:\/\/association360.ch\/trans\/photos-manif-tdor-2015-soiree-tords-le-cou-a-ton-genre\/","title":{"rendered":"Photos: manif&rsquo; du TDOR 2015 et soir\u00e9e Tords le cou \u00e0 ton genre !"},"content":{"rendered":"<p style=\"text-align: justify\">En ce jour de comm\u00e9moration des victimes de meurtres transphobes, vous avez \u00e9t\u00e9 nombreuses et nombreux \u00e0 venir nous soutenir, malgr\u00e9 la pluie, le vent et le froid! Nous sommes fi\u00e8rEs d&rsquo;avoir partag\u00e9 ce moment de recueillement, de solidarit\u00e9 et de lutte face aux violences cissexistes! Nous avons ensuite \u00e9t\u00e9 partager un moment de convivialit\u00e9 \u00e0 l&rsquo;asso 360, o\u00f9 il \u00e9tait possible de se changer sur place avant d&rsquo;aller Tordre le cou \u00e0 notre genre! Une soir\u00e9e pour c\u00e9l\u00e9brer le fait que malgr\u00e9 les violences, nous \u00e9tions bien vivantEs, la t\u00eate haute et heureux-ses de c\u00e9l\u00e9brer nos identit\u00e9s. Nous avons eu la chance de partager ce moment fort avec la belle \u00e9nergie des King&rsquo;s Queer, avec un concert \/ performance electropunk militant. Un pur moment d&rsquo;\u00abAmours et R\u00e9voltes\u00bb !<\/p>\n<p><a href=\"http:\/\/association360.ch\/trans\/wp-content\/uploads\/sites\/4\/2015\/10\/tdor-2015-transgender-day-of-remembrance-groupe-trans-360-entete-e1448468827173.jpg\"><img loading=\"lazy\" decoding=\"async\" class=\"aligncenter size-full wp-image-2194\" alt=\"TDOR Transgender Day of Remembrance - Journ\u00e9e du souvenir trans*\" src=\"http:\/\/association360.ch\/trans\/wp-content\/uploads\/sites\/4\/2015\/10\/tdor-2015-transgender-day-of-remembrance-groupe-trans-360-entete-e1448468827173.jpg\" width=\"1200\" height=\"601\" \/><\/a><\/p>\n<div id='gallery-2' class='gallery galleryid-2247 gallery-columns-4 gallery-size-thumbnail'><figure class='gallery-item'>\n\t\t\t<div class='gallery-icon landscape'>\n\t\t\t\t<a href='https:\/\/association360.ch\/trans\/photos-manif-tdor-2015-soiree-tords-le-cou-a-ton-genre\/dsc_0005\/'><img loading=\"lazy\" decoding=\"async\" width=\"150\" height=\"150\" src=\"https:\/\/association360.ch\/trans\/wp-content\/uploads\/sites\/4\/2015\/11\/DSC_0005-150x150.jpg\" class=\"attachment-thumbnail size-thumbnail\" alt=\"Manif&#039; TDOR 2015 : Transgender Day of Remembrance \/ Journ\u00e9e du souvenir trans* - photos: Irina Popa\" \/><\/a>\n\t\t\t<\/div><\/figure><figure class='gallery-item'>\n\t\t\t<div class='gallery-icon landscape'>\n\t\t\t\t<a href='https:\/\/association360.ch\/trans\/photos-manif-tdor-2015-soiree-tords-le-cou-a-ton-genre\/dsc_0010-2\/'><img loading=\"lazy\" decoding=\"async\" width=\"150\" height=\"150\" src=\"https:\/\/association360.ch\/trans\/wp-content\/uploads\/sites\/4\/2015\/11\/DSC_0010-2-150x150.jpg\" class=\"attachment-thumbnail size-thumbnail\" alt=\"Manif&#039; TDOR 2015 : Transgender Day of Remembrance \/ Journ\u00e9e du souvenir trans* - photos: Irina Popa\" \/><\/a>\n\t\t\t<\/div><\/figure><figure class='gallery-item'>\n\t\t\t<div class='gallery-icon landscape'>\n\t\t\t\t<a href='https:\/\/association360.ch\/trans\/photos-manif-tdor-2015-soiree-tords-le-cou-a-ton-genre\/dsc_0018\/'><img loading=\"lazy\" decoding=\"async\" width=\"150\" height=\"150\" src=\"https:\/\/association360.ch\/trans\/wp-content\/uploads\/sites\/4\/2015\/11\/DSC_0018-150x150.jpg\" class=\"attachment-thumbnail size-thumbnail\" alt=\"Manif&#039; TDOR 2015 : Transgender Day of Remembrance \/ Journ\u00e9e du souvenir trans* - photos: Irina Popa\" \/><\/a>\n\t\t\t<\/div><\/figure><figure class='gallery-item'>\n\t\t\t<div class='gallery-icon landscape'>\n\t\t\t\t<a href='https:\/\/association360.ch\/trans\/photos-manif-tdor-2015-soiree-tords-le-cou-a-ton-genre\/dsc_0021\/'><img loading=\"lazy\" decoding=\"async\" width=\"150\" height=\"150\" src=\"https:\/\/association360.ch\/trans\/wp-content\/uploads\/sites\/4\/2015\/11\/DSC_0021-150x150.jpg\" class=\"attachment-thumbnail size-thumbnail\" alt=\"Manif&#039; TDOR 2015 : Transgender Day of Remembrance \/ Journ\u00e9e du souvenir trans* - photos: Irina Popa\" \/><\/a>\n\t\t\t<\/div><\/figure><figure class='gallery-item'>\n\t\t\t<div class='gallery-icon landscape'>\n\t\t\t\t<a href='https:\/\/association360.ch\/trans\/photos-manif-tdor-2015-soiree-tords-le-cou-a-ton-genre\/dsc_0027-2\/'><img loading=\"lazy\" decoding=\"async\" width=\"150\" height=\"150\" src=\"https:\/\/association360.ch\/trans\/wp-content\/uploads\/sites\/4\/2015\/11\/DSC_0027-2-150x150.jpg\" class=\"attachment-thumbnail size-thumbnail\" alt=\"Manif&#039; TDOR 2015 : Transgender Day of Remembrance \/ Journ\u00e9e du souvenir trans* - photos: Irina Popa\" \/><\/a>\n\t\t\t<\/div><\/figure><figure class='gallery-item'>\n\t\t\t<div class='gallery-icon landscape'>\n\t\t\t\t<a href='https:\/\/association360.ch\/trans\/photos-manif-tdor-2015-soiree-tords-le-cou-a-ton-genre\/dsc_0032\/'><img loading=\"lazy\" decoding=\"async\" width=\"150\" height=\"150\" src=\"https:\/\/association360.ch\/trans\/wp-content\/uploads\/sites\/4\/2015\/11\/DSC_0032-150x150.jpg\" class=\"attachment-thumbnail size-thumbnail\" alt=\"Manif&#039; TDOR 2015 : Transgender Day of Remembrance \/ Journ\u00e9e du souvenir trans* - photos: Irina Popa\" \/><\/a>\n\t\t\t<\/div><\/figure><figure class='gallery-item'>\n\t\t\t<div class='gallery-icon landscape'>\n\t\t\t\t<a href='https:\/\/association360.ch\/trans\/photos-manif-tdor-2015-soiree-tords-le-cou-a-ton-genre\/dsc_0041\/'><img loading=\"lazy\" decoding=\"async\" width=\"150\" height=\"150\" src=\"https:\/\/association360.ch\/trans\/wp-content\/uploads\/sites\/4\/2015\/11\/DSC_0041-150x150.jpg\" class=\"attachment-thumbnail size-thumbnail\" alt=\"Manif&#039; TDOR 2015 : Transgender Day of Remembrance \/ Journ\u00e9e du souvenir trans* - photos: Irina Popa\" \/><\/a>\n\t\t\t<\/div><\/figure><figure class='gallery-item'>\n\t\t\t<div class='gallery-icon landscape'>\n\t\t\t\t<a href='https:\/\/association360.ch\/trans\/photos-manif-tdor-2015-soiree-tords-le-cou-a-ton-genre\/dsc_0044-2\/'><img loading=\"lazy\" decoding=\"async\" width=\"150\" height=\"150\" src=\"https:\/\/association360.ch\/trans\/wp-content\/uploads\/sites\/4\/2015\/11\/DSC_0044-2-150x150.jpg\" class=\"attachment-thumbnail size-thumbnail\" alt=\"Manif&#039; TDOR 2015 : Transgender Day of Remembrance \/Journ\u00e9e du souvenir trans* - photos: Irina Popa\" \/><\/a>\n\t\t\t<\/div><\/figure><figure class='gallery-item'>\n\t\t\t<div class='gallery-icon landscape'>\n\t\t\t\t<a href='https:\/\/association360.ch\/trans\/photos-manif-tdor-2015-soiree-tords-le-cou-a-ton-genre\/dsc_0049-2\/'><img loading=\"lazy\" decoding=\"async\" width=\"150\" height=\"150\" src=\"https:\/\/association360.ch\/trans\/wp-content\/uploads\/sites\/4\/2015\/11\/DSC_0049-150x150.jpg\" class=\"attachment-thumbnail size-thumbnail\" alt=\"Manif&#039; TDOR 2015 : Transgender Day of Remembrance \/Journ\u00e9e du souvenir trans* - photos: Irina Popa\" \/><\/a>\n\t\t\t<\/div><\/figure><figure class='gallery-item'>\n\t\t\t<div class='gallery-icon landscape'>\n\t\t\t\t<a href='https:\/\/association360.ch\/trans\/photos-manif-tdor-2015-soiree-tords-le-cou-a-ton-genre\/dsc_0053-2\/'><img loading=\"lazy\" decoding=\"async\" width=\"150\" height=\"150\" src=\"https:\/\/association360.ch\/trans\/wp-content\/uploads\/sites\/4\/2015\/11\/DSC_0053-2-150x150.jpg\" class=\"attachment-thumbnail size-thumbnail\" alt=\"Manif&#039; TDOR 2015 : Transgender Day of Remembrance \/Journ\u00e9e du souvenir trans* - photos: Irina Popa\" \/><\/a>\n\t\t\t<\/div><\/figure><figure class='gallery-item'>\n\t\t\t<div class='gallery-icon landscape'>\n\t\t\t\t<a href='https:\/\/association360.ch\/trans\/photos-manif-tdor-2015-soiree-tords-le-cou-a-ton-genre\/dsc_0058-2\/'><img loading=\"lazy\" decoding=\"async\" width=\"150\" height=\"150\" src=\"https:\/\/association360.ch\/trans\/wp-content\/uploads\/sites\/4\/2015\/11\/DSC_0058-2-150x150.jpg\" class=\"attachment-thumbnail size-thumbnail\" alt=\"Manif&#039; TDOR 2015 : Transgender Day of Remembrance \/Journ\u00e9e du souvenir trans* - photos: Irina Popa\" \/><\/a>\n\t\t\t<\/div><\/figure><figure class='gallery-item'>\n\t\t\t<div class='gallery-icon landscape'>\n\t\t\t\t<a href='https:\/\/association360.ch\/trans\/photos-manif-tdor-2015-soiree-tords-le-cou-a-ton-genre\/dsc_0060\/'><img loading=\"lazy\" decoding=\"async\" width=\"150\" height=\"150\" src=\"https:\/\/association360.ch\/trans\/wp-content\/uploads\/sites\/4\/2015\/11\/DSC_0060-150x150.jpg\" class=\"attachment-thumbnail size-thumbnail\" alt=\"Manif&#039; TDOR 2015 : Transgender Day of Remembrance \/Journ\u00e9e du souvenir trans* - photos: Irina Popa\" \/><\/a>\n\t\t\t<\/div><\/figure><figure class='gallery-item'>\n\t\t\t<div class='gallery-icon landscape'>\n\t\t\t\t<a href='https:\/\/association360.ch\/trans\/photos-manif-tdor-2015-soiree-tords-le-cou-a-ton-genre\/dsc_0063\/'><img loading=\"lazy\" decoding=\"async\" width=\"150\" height=\"150\" src=\"https:\/\/association360.ch\/trans\/wp-content\/uploads\/sites\/4\/2015\/11\/DSC_0063-150x150.jpg\" class=\"attachment-thumbnail size-thumbnail\" alt=\"Manif&#039; TDOR 2015 : Transgender Day of Remembrance \/Journ\u00e9e du souvenir trans* - photos: Irina Popa\" \/><\/a>\n\t\t\t<\/div><\/figure><figure class='gallery-item'>\n\t\t\t<div class='gallery-icon landscape'>\n\t\t\t\t<a href='https:\/\/association360.ch\/trans\/photos-manif-tdor-2015-soiree-tords-le-cou-a-ton-genre\/dsc_0067\/'><img loading=\"lazy\" decoding=\"async\" width=\"150\" height=\"150\" src=\"https:\/\/association360.ch\/trans\/wp-content\/uploads\/sites\/4\/2015\/11\/DSC_0067-150x150.jpg\" class=\"attachment-thumbnail size-thumbnail\" alt=\"Manif&#039; TDOR 2015 : Transgender Day of Remembrance \/Journ\u00e9e du souvenir trans* - photos: Irina Popa\" \/><\/a>\n\t\t\t<\/div><\/figure><figure class='gallery-item'>\n\t\t\t<div class='gallery-icon landscape'>\n\t\t\t\t<a href='https:\/\/association360.ch\/trans\/photos-manif-tdor-2015-soiree-tords-le-cou-a-ton-genre\/dsc_0069-2\/'><img loading=\"lazy\" decoding=\"async\" width=\"150\" height=\"150\" src=\"https:\/\/association360.ch\/trans\/wp-content\/uploads\/sites\/4\/2015\/11\/DSC_0069-150x150.jpg\" class=\"attachment-thumbnail size-thumbnail\" alt=\"Manif&#039; TDOR 2015 : Transgender Day of Remembrance \/Journ\u00e9e du souvenir trans* - photos: Irina Popa\" \/><\/a>\n\t\t\t<\/div><\/figure><figure class='gallery-item'>\n\t\t\t<div class='gallery-icon landscape'>\n\t\t\t\t<a href='https:\/\/association360.ch\/trans\/photos-manif-tdor-2015-soiree-tords-le-cou-a-ton-genre\/dsc_0070\/'><img loading=\"lazy\" decoding=\"async\" width=\"150\" height=\"150\" src=\"https:\/\/association360.ch\/trans\/wp-content\/uploads\/sites\/4\/2015\/11\/DSC_0070-150x150.jpg\" class=\"attachment-thumbnail size-thumbnail\" alt=\"Manif&#039; TDOR 2015 : Transgender Day of Remembrance \/Journ\u00e9e du souvenir trans* - photos: Irina Popa\" \/><\/a>\n\t\t\t<\/div><\/figure><figure class='gallery-item'>\n\t\t\t<div class='gallery-icon landscape'>\n\t\t\t\t<a href='https:\/\/association360.ch\/trans\/photos-manif-tdor-2015-soiree-tords-le-cou-a-ton-genre\/dsc_0077\/'><img loading=\"lazy\" decoding=\"async\" width=\"150\" height=\"150\" src=\"https:\/\/association360.ch\/trans\/wp-content\/uploads\/sites\/4\/2015\/11\/DSC_0077-150x150.jpg\" class=\"attachment-thumbnail size-thumbnail\" alt=\"Manif&#039; TDOR 2015 : Transgender Day of Remembrance \/Journ\u00e9e du souvenir trans* - photos: Irina Popa\" \/><\/a>\n\t\t\t<\/div><\/figure><figure class='gallery-item'>\n\t\t\t<div class='gallery-icon landscape'>\n\t\t\t\t<a href='https:\/\/association360.ch\/trans\/photos-manif-tdor-2015-soiree-tords-le-cou-a-ton-genre\/dsc_0079-2\/'><img loading=\"lazy\" decoding=\"async\" width=\"150\" height=\"150\" src=\"https:\/\/association360.ch\/trans\/wp-content\/uploads\/sites\/4\/2015\/11\/DSC_0079-2-150x150.jpg\" class=\"attachment-thumbnail size-thumbnail\" alt=\"Manif&#039; TDOR 2015 : Transgender Day of Remembrance \/Journ\u00e9e du souvenir trans* - photos: Irina Popa\" \/><\/a>\n\t\t\t<\/div><\/figure><figure class='gallery-item'>\n\t\t\t<div class='gallery-icon landscape'>\n\t\t\t\t<a href='https:\/\/association360.ch\/trans\/photos-manif-tdor-2015-soiree-tords-le-cou-a-ton-genre\/dsc_0083\/'><img loading=\"lazy\" decoding=\"async\" width=\"150\" height=\"150\" src=\"https:\/\/association360.ch\/trans\/wp-content\/uploads\/sites\/4\/2015\/11\/DSC_0083-150x150.jpg\" class=\"attachment-thumbnail size-thumbnail\" alt=\"Manif&#039; TDOR 2015 : Transgender Day of Remembrance \/Journ\u00e9e du souvenir trans* - photos: Irina Popa\" \/><\/a>\n\t\t\t<\/div><\/figure><figure class='gallery-item'>\n\t\t\t<div class='gallery-icon landscape'>\n\t\t\t\t<a href='https:\/\/association360.ch\/trans\/photos-manif-tdor-2015-soiree-tords-le-cou-a-ton-genre\/dsc_0087-2\/'><img loading=\"lazy\" decoding=\"async\" width=\"150\" height=\"150\" src=\"https:\/\/association360.ch\/trans\/wp-content\/uploads\/sites\/4\/2015\/11\/DSC_0087-2-150x150.jpg\" class=\"attachment-thumbnail size-thumbnail\" alt=\"Manif&#039; TDOR 2015 : Transgender Day of Remembrance \/Journ\u00e9e du souvenir trans* - photos: Irina Popa\" \/><\/a>\n\t\t\t<\/div><\/figure><figure class='gallery-item'>\n\t\t\t<div class='gallery-icon landscape'>\n\t\t\t\t<a href='https:\/\/association360.ch\/trans\/photos-manif-tdor-2015-soiree-tords-le-cou-a-ton-genre\/dsc_0092\/'><img loading=\"lazy\" decoding=\"async\" width=\"150\" height=\"150\" src=\"https:\/\/association360.ch\/trans\/wp-content\/uploads\/sites\/4\/2015\/11\/DSC_0092-150x150.jpg\" class=\"attachment-thumbnail size-thumbnail\" alt=\"Manif&#039; TDOR 2015 : Transgender Day of Remembrance \/Journ\u00e9e du souvenir trans* - photos: Irina Popa\" \/><\/a>\n\t\t\t<\/div><\/figure><figure class='gallery-item'>\n\t\t\t<div class='gallery-icon landscape'>\n\t\t\t\t<a href='https:\/\/association360.ch\/trans\/photos-manif-tdor-2015-soiree-tords-le-cou-a-ton-genre\/dsc_0095\/'><img loading=\"lazy\" decoding=\"async\" width=\"150\" height=\"150\" src=\"https:\/\/association360.ch\/trans\/wp-content\/uploads\/sites\/4\/2015\/11\/DSC_0095-150x150.jpg\" class=\"attachment-thumbnail size-thumbnail\" alt=\"Manif&#039; TDOR 2015 : Transgender Day of Remembrance \/Journ\u00e9e du souvenir trans* - photos: Irina Popa\" \/><\/a>\n\t\t\t<\/div><\/figure><figure class='gallery-item'>\n\t\t\t<div class='gallery-icon landscape'>\n\t\t\t\t<a href='https:\/\/association360.ch\/trans\/photos-manif-tdor-2015-soiree-tords-le-cou-a-ton-genre\/dsc_0102\/'><img loading=\"lazy\" decoding=\"async\" width=\"150\" height=\"150\" src=\"https:\/\/association360.ch\/trans\/wp-content\/uploads\/sites\/4\/2015\/11\/DSC_0102-150x150.jpg\" class=\"attachment-thumbnail size-thumbnail\" alt=\"Manif&#039; TDOR 2015 : Transgender Day of Remembrance \/Journ\u00e9e du souvenir trans* - photos: Irina Popa\" \/><\/a>\n\t\t\t<\/div><\/figure><figure class='gallery-item'>\n\t\t\t<div class='gallery-icon landscape'>\n\t\t\t\t<a href='https:\/\/association360.ch\/trans\/photos-manif-tdor-2015-soiree-tords-le-cou-a-ton-genre\/dsc_0112-2\/'><img loading=\"lazy\" decoding=\"async\" width=\"150\" height=\"150\" src=\"https:\/\/association360.ch\/trans\/wp-content\/uploads\/sites\/4\/2015\/11\/DSC_0112-150x150.jpg\" class=\"attachment-thumbnail size-thumbnail\" alt=\"Manif&#039; TDOR 2015 : Transgender Day of Remembrance \/Journ\u00e9e du souvenir trans* - photos: Irina Popa\" \/><\/a>\n\t\t\t<\/div><\/figure><figure class='gallery-item'>\n\t\t\t<div class='gallery-icon landscape'>\n\t\t\t\t<a href='https:\/\/association360.ch\/trans\/photos-manif-tdor-2015-soiree-tords-le-cou-a-ton-genre\/dsc_0122\/'><img loading=\"lazy\" decoding=\"async\" width=\"150\" height=\"150\" src=\"https:\/\/association360.ch\/trans\/wp-content\/uploads\/sites\/4\/2015\/11\/DSC_0122-150x150.jpg\" class=\"attachment-thumbnail size-thumbnail\" alt=\"Manif&#039; TDOR 2015 : Transgender Day of Remembrance \/ Journ\u00e9e du souvenir trans* - photos: Irina Popa\" \/><\/a>\n\t\t\t<\/div><\/figure><figure class='gallery-item'>\n\t\t\t<div class='gallery-icon landscape'>\n\t\t\t\t<a href='https:\/\/association360.ch\/trans\/photos-manif-tdor-2015-soiree-tords-le-cou-a-ton-genre\/dsc_0123\/'><img loading=\"lazy\" decoding=\"async\" width=\"150\" height=\"150\" src=\"https:\/\/association360.ch\/trans\/wp-content\/uploads\/sites\/4\/2015\/11\/DSC_0123-150x150.jpg\" class=\"attachment-thumbnail size-thumbnail\" alt=\"Manif&#039; TDOR 2015 : Transgender Day of Remembrance \/ Journ\u00e9e du souvenir trans* - photos: Irina Popa\" \/><\/a>\n\t\t\t<\/div><\/figure><figure class='gallery-item'>\n\t\t\t<div class='gallery-icon landscape'>\n\t\t\t\t<a href='https:\/\/association360.ch\/trans\/photos-manif-tdor-2015-soiree-tords-le-cou-a-ton-genre\/dsc_0125-2\/'><img loading=\"lazy\" decoding=\"async\" width=\"150\" height=\"150\" src=\"https:\/\/association360.ch\/trans\/wp-content\/uploads\/sites\/4\/2015\/11\/DSC_0125-150x150.jpg\" class=\"attachment-thumbnail size-thumbnail\" alt=\"Manif&#039; TDOR 2015 : Transgender Day of Remembrance \/ Journ\u00e9e du souvenir trans* - photos: Irina Popa\" \/><\/a>\n\t\t\t<\/div><\/figure><figure class='gallery-item'>\n\t\t\t<div class='gallery-icon landscape'>\n\t\t\t\t<a href='https:\/\/association360.ch\/trans\/photos-manif-tdor-2015-soiree-tords-le-cou-a-ton-genre\/dsc_0129-2\/'><img loading=\"lazy\" decoding=\"async\" width=\"150\" height=\"150\" src=\"https:\/\/association360.ch\/trans\/wp-content\/uploads\/sites\/4\/2015\/11\/DSC_0129-150x150.jpg\" class=\"attachment-thumbnail size-thumbnail\" alt=\"Manif&#039; TDOR 2015 : Transgender Day of Remembrance \/ Journ\u00e9e du souvenir trans* - photos: Irina Popa\" \/><\/a>\n\t\t\t<\/div><\/figure><figure class='gallery-item'>\n\t\t\t<div class='gallery-icon landscape'>\n\t\t\t\t<a href='https:\/\/association360.ch\/trans\/photos-manif-tdor-2015-soiree-tords-le-cou-a-ton-genre\/dsc_0134\/'><img loading=\"lazy\" decoding=\"async\" width=\"150\" height=\"150\" src=\"https:\/\/association360.ch\/trans\/wp-content\/uploads\/sites\/4\/2015\/11\/DSC_0134-150x150.jpg\" class=\"attachment-thumbnail size-thumbnail\" alt=\"Manif&#039; TDOR 2015 : Transgender Day of Remembrance \/ Journ\u00e9e du souvenir trans* - photos: Irina Popa\" \/><\/a>\n\t\t\t<\/div><\/figure><figure class='gallery-item'>\n\t\t\t<div class='gallery-icon landscape'>\n\t\t\t\t<a href='https:\/\/association360.ch\/trans\/photos-manif-tdor-2015-soiree-tords-le-cou-a-ton-genre\/dsc_0135\/'><img loading=\"lazy\" decoding=\"async\" width=\"150\" height=\"150\" src=\"https:\/\/association360.ch\/trans\/wp-content\/uploads\/sites\/4\/2015\/11\/DSC_0135-150x150.jpg\" class=\"attachment-thumbnail size-thumbnail\" alt=\"Manif&#039; TDOR 2015 : Transgender Day of Remembrance \/ Journ\u00e9e du souvenir trans* - photos: Irina Popa\" \/><\/a>\n\t\t\t<\/div><\/figure><figure class='gallery-item'>\n\t\t\t<div class='gallery-icon landscape'>\n\t\t\t\t<a href='https:\/\/association360.ch\/trans\/photos-manif-tdor-2015-soiree-tords-le-cou-a-ton-genre\/dsc_0136\/'><img loading=\"lazy\" decoding=\"async\" width=\"150\" height=\"150\" src=\"https:\/\/association360.ch\/trans\/wp-content\/uploads\/sites\/4\/2015\/11\/DSC_0136-150x150.jpg\" class=\"attachment-thumbnail size-thumbnail\" alt=\"Manif&#039; TDOR 2015 : Transgender Day of Remembrance \/ Journ\u00e9e du souvenir trans* - photos: Irina Popa\" \/><\/a>\n\t\t\t<\/div><\/figure><figure class='gallery-item'>\n\t\t\t<div class='gallery-icon landscape'>\n\t\t\t\t<a href='https:\/\/association360.ch\/trans\/photos-manif-tdor-2015-soiree-tords-le-cou-a-ton-genre\/dsc_0140-2\/'><img loading=\"lazy\" decoding=\"async\" width=\"150\" height=\"150\" src=\"https:\/\/association360.ch\/trans\/wp-content\/uploads\/sites\/4\/2015\/11\/DSC_0140-150x150.jpg\" class=\"attachment-thumbnail size-thumbnail\" alt=\"Manif&#039; TDOR 2015 : Transgender Day of Remembrance \/ Journ\u00e9e du souvenir trans* - photos: Irina Popa\" \/><\/a>\n\t\t\t<\/div><\/figure><figure class='gallery-item'>\n\t\t\t<div class='gallery-icon landscape'>\n\t\t\t\t<a href='https:\/\/association360.ch\/trans\/photos-manif-tdor-2015-soiree-tords-le-cou-a-ton-genre\/dsc_0156-2\/'><img loading=\"lazy\" decoding=\"async\" width=\"150\" height=\"150\" src=\"https:\/\/association360.ch\/trans\/wp-content\/uploads\/sites\/4\/2015\/11\/DSC_0156-150x150.jpg\" class=\"attachment-thumbnail size-thumbnail\" alt=\"Manif&#039; TDOR 2015 : Transgender Day of Remembrance \/ Journ\u00e9e du souvenir trans* - photos: Irina Popa\" \/><\/a>\n\t\t\t<\/div><\/figure><figure class='gallery-item'>\n\t\t\t<div class='gallery-icon landscape'>\n\t\t\t\t<a href='https:\/\/association360.ch\/trans\/photos-manif-tdor-2015-soiree-tords-le-cou-a-ton-genre\/dsc_0159\/'><img loading=\"lazy\" decoding=\"async\" width=\"150\" height=\"150\" src=\"https:\/\/association360.ch\/trans\/wp-content\/uploads\/sites\/4\/2015\/11\/DSC_0159-150x150.jpg\" class=\"attachment-thumbnail size-thumbnail\" alt=\"Manif&#039; TDOR 2015 : Transgender Day of Remembrance \/ Journ\u00e9e du souvenir trans* - photos: Irina Popa\" \/><\/a>\n\t\t\t<\/div><\/figure><figure class='gallery-item'>\n\t\t\t<div class='gallery-icon landscape'>\n\t\t\t\t<a href='https:\/\/association360.ch\/trans\/photos-manif-tdor-2015-soiree-tords-le-cou-a-ton-genre\/dsc_0165\/'><img loading=\"lazy\" decoding=\"async\" width=\"150\" height=\"150\" src=\"https:\/\/association360.ch\/trans\/wp-content\/uploads\/sites\/4\/2015\/11\/DSC_0165-150x150.jpg\" class=\"attachment-thumbnail size-thumbnail\" alt=\"Manif&#039; TDOR 2015 : Transgender Day of Remembrance \/ Journ\u00e9e du souvenir trans* - photos: Irina Popa\" \/><\/a>\n\t\t\t<\/div><\/figure><figure class='gallery-item'>\n\t\t\t<div class='gallery-icon landscape'>\n\t\t\t\t<a href='https:\/\/association360.ch\/trans\/photos-manif-tdor-2015-soiree-tords-le-cou-a-ton-genre\/dsc_0172\/'><img loading=\"lazy\" decoding=\"async\" width=\"150\" height=\"150\" src=\"https:\/\/association360.ch\/trans\/wp-content\/uploads\/sites\/4\/2015\/11\/DSC_0172-150x150.jpg\" class=\"attachment-thumbnail size-thumbnail\" alt=\"Manif&#039; TDOR 2015 : Transgender Day of Remembrance \/ Journ\u00e9e du souvenir trans* - photos: Irina Popa\" \/><\/a>\n\t\t\t<\/div><\/figure><figure class='gallery-item'>\n\t\t\t<div class='gallery-icon landscape'>\n\t\t\t\t<a href='https:\/\/association360.ch\/trans\/photos-manif-tdor-2015-soiree-tords-le-cou-a-ton-genre\/dsc_0178\/'><img loading=\"lazy\" decoding=\"async\" width=\"150\" height=\"150\" src=\"https:\/\/association360.ch\/trans\/wp-content\/uploads\/sites\/4\/2015\/11\/DSC_0178-150x150.jpg\" class=\"attachment-thumbnail size-thumbnail\" alt=\"Manif&#039; TDOR 2015 : Transgender Day of Remembrance \/ Journ\u00e9e du souvenir trans* - photos: Irina Popa\" \/><\/a>\n\t\t\t<\/div><\/figure><figure class='gallery-item'>\n\t\t\t<div class='gallery-icon landscape'>\n\t\t\t\t<a href='https:\/\/association360.ch\/trans\/photos-manif-tdor-2015-soiree-tords-le-cou-a-ton-genre\/dsc_0193\/'><img loading=\"lazy\" decoding=\"async\" width=\"150\" height=\"150\" src=\"https:\/\/association360.ch\/trans\/wp-content\/uploads\/sites\/4\/2015\/11\/DSC_0193-150x150.jpg\" class=\"attachment-thumbnail size-thumbnail\" alt=\"Manif&#039; TDOR 2015 : Transgender Day of Remembrance \/ Journ\u00e9e du souvenir trans* - photos: Irina Popa\" \/><\/a>\n\t\t\t<\/div><\/figure><figure class='gallery-item'>\n\t\t\t<div class='gallery-icon landscape'>\n\t\t\t\t<a href='https:\/\/association360.ch\/trans\/photos-manif-tdor-2015-soiree-tords-le-cou-a-ton-genre\/dsc_0212\/'><img loading=\"lazy\" decoding=\"async\" width=\"150\" height=\"150\" src=\"https:\/\/association360.ch\/trans\/wp-content\/uploads\/sites\/4\/2015\/11\/DSC_0212-150x150.jpg\" class=\"attachment-thumbnail size-thumbnail\" alt=\"Manif&#039; TDOR 2015 : Transgender Day of Remembrance \/ Journ\u00e9e du souvenir trans* - photos: Irina Popa\" \/><\/a>\n\t\t\t<\/div><\/figure><figure class='gallery-item'>\n\t\t\t<div class='gallery-icon landscape'>\n\t\t\t\t<a href='https:\/\/association360.ch\/trans\/photos-manif-tdor-2015-soiree-tords-le-cou-a-ton-genre\/dsc_0222-2\/'><img loading=\"lazy\" decoding=\"async\" width=\"150\" height=\"150\" src=\"https:\/\/association360.ch\/trans\/wp-content\/uploads\/sites\/4\/2015\/11\/DSC_0222-150x150.jpg\" class=\"attachment-thumbnail size-thumbnail\" alt=\"Manif&#039; TDOR 2015 : Transgender Day of Remembrance \/ Journ\u00e9e du souvenir trans* - photos: Irina Popa\" \/><\/a>\n\t\t\t<\/div><\/figure><figure class='gallery-item'>\n\t\t\t<div class='gallery-icon landscape'>\n\t\t\t\t<a href='https:\/\/association360.ch\/trans\/photos-manif-tdor-2015-soiree-tords-le-cou-a-ton-genre\/dsc_0224-2\/'><img loading=\"lazy\" decoding=\"async\" width=\"150\" height=\"150\" src=\"https:\/\/association360.ch\/trans\/wp-content\/uploads\/sites\/4\/2015\/11\/DSC_0224-150x150.jpg\" class=\"attachment-thumbnail size-thumbnail\" alt=\"Manif&#039; TDOR 2015 : Transgender Day of Remembrance \/ Journ\u00e9e du souvenir trans* - photos: Irina Popa\" \/><\/a>\n\t\t\t<\/div><\/figure><figure class='gallery-item'>\n\t\t\t<div class='gallery-icon landscape'>\n\t\t\t\t<a href='https:\/\/association360.ch\/trans\/photos-manif-tdor-2015-soiree-tords-le-cou-a-ton-genre\/dsc_0228-2\/'><img loading=\"lazy\" decoding=\"async\" width=\"150\" height=\"150\" src=\"https:\/\/association360.ch\/trans\/wp-content\/uploads\/sites\/4\/2015\/11\/DSC_0228-150x150.jpg\" class=\"attachment-thumbnail size-thumbnail\" alt=\"Manif&#039; TDOR 2015 : Transgender Day of Remembrance \/ Journ\u00e9e du souvenir trans* - photos: Irina Popa\" \/><\/a>\n\t\t\t<\/div><\/figure><figure class='gallery-item'>\n\t\t\t<div class='gallery-icon landscape'>\n\t\t\t\t<a href='https:\/\/association360.ch\/trans\/photos-manif-tdor-2015-soiree-tords-le-cou-a-ton-genre\/dsc_0241\/'><img loading=\"lazy\" decoding=\"async\" width=\"150\" height=\"150\" src=\"https:\/\/association360.ch\/trans\/wp-content\/uploads\/sites\/4\/2015\/11\/DSC_0241-150x150.jpg\" class=\"attachment-thumbnail size-thumbnail\" alt=\"Manif&#039; TDOR 2015 : Transgender Day of Remembrance \/ Journ\u00e9e du souvenir trans* - photos: Irina Popa\" \/><\/a>\n\t\t\t<\/div><\/figure><figure class='gallery-item'>\n\t\t\t<div class='gallery-icon landscape'>\n\t\t\t\t<a href='https:\/\/association360.ch\/trans\/photos-manif-tdor-2015-soiree-tords-le-cou-a-ton-genre\/dsc_0256\/'><img loading=\"lazy\" decoding=\"async\" width=\"150\" height=\"150\" src=\"https:\/\/association360.ch\/trans\/wp-content\/uploads\/sites\/4\/2015\/11\/DSC_0256-150x150.jpg\" class=\"attachment-thumbnail size-thumbnail\" alt=\"Manif&#039; TDOR 2015 : Transgender Day of Remembrance \/ Journ\u00e9e du souvenir trans* - photos: Irina Popa\" \/><\/a>\n\t\t\t<\/div><\/figure><figure class='gallery-item'>\n\t\t\t<div class='gallery-icon landscape'>\n\t\t\t\t<a href='https:\/\/association360.ch\/trans\/photos-manif-tdor-2015-soiree-tords-le-cou-a-ton-genre\/dsc_0269\/'><img loading=\"lazy\" decoding=\"async\" width=\"150\" height=\"150\" src=\"https:\/\/association360.ch\/trans\/wp-content\/uploads\/sites\/4\/2015\/11\/DSC_0269-150x150.jpg\" class=\"attachment-thumbnail size-thumbnail\" alt=\"Manif&#039; TDOR 2015 : Transgender Day of Remembrance \/ Journ\u00e9e du souvenir trans* - photos: Irina Popa\" \/><\/a>\n\t\t\t<\/div><\/figure><figure class='gallery-item'>\n\t\t\t<div class='gallery-icon landscape'>\n\t\t\t\t<a href='https:\/\/association360.ch\/trans\/photos-manif-tdor-2015-soiree-tords-le-cou-a-ton-genre\/dsc_0298-2\/'><img loading=\"lazy\" decoding=\"async\" width=\"150\" height=\"150\" src=\"https:\/\/association360.ch\/trans\/wp-content\/uploads\/sites\/4\/2015\/11\/DSC_0298-150x150.jpg\" class=\"attachment-thumbnail size-thumbnail\" alt=\"Manif&#039; TDOR 2015 : Transgender Day of Remembrance \/ Journ\u00e9e du souvenir trans* - photos: Irina Popa\" \/><\/a>\n\t\t\t<\/div><\/figure><figure class='gallery-item'>\n\t\t\t<div class='gallery-icon landscape'>\n\t\t\t\t<a href='https:\/\/association360.ch\/trans\/photos-manif-tdor-2015-soiree-tords-le-cou-a-ton-genre\/dsc_0312\/'><img loading=\"lazy\" decoding=\"async\" width=\"150\" height=\"150\" src=\"https:\/\/association360.ch\/trans\/wp-content\/uploads\/sites\/4\/2015\/11\/DSC_0312-150x150.jpg\" class=\"attachment-thumbnail size-thumbnail\" alt=\"Manif&#039; TDOR 2015 : Transgender Day of Remembrance \/ Journ\u00e9e du souvenir trans* - photos: Irina Popa\" \/><\/a>\n\t\t\t<\/div><\/figure><figure class='gallery-item'>\n\t\t\t<div class='gallery-icon landscape'>\n\t\t\t\t<a href='https:\/\/association360.ch\/trans\/photos-manif-tdor-2015-soiree-tords-le-cou-a-ton-genre\/dsc_0321-2\/'><img loading=\"lazy\" decoding=\"async\" width=\"150\" height=\"150\" src=\"https:\/\/association360.ch\/trans\/wp-content\/uploads\/sites\/4\/2015\/11\/DSC_0321-150x150.jpg\" class=\"attachment-thumbnail size-thumbnail\" alt=\"Manif&#039; TDOR 2015 : Transgender Day of Remembrance \/ Journ\u00e9e du souvenir trans* - photos: Irina Popa\" \/><\/a>\n\t\t\t<\/div><\/figure>\n\t\t<\/div>\n\n<p><a href=\"http:\/\/association360.ch\/trans\/wp-content\/uploads\/sites\/4\/2015\/11\/tords-le-cou-a-ton-genre-groupe-trans-360-en.jpg\"><img loading=\"lazy\" decoding=\"async\" class=\"aligncenter size-full wp-image-2204\" alt=\"Tords le cou \u00e0 ton genre ! Groupe Trans 360\" src=\"http:\/\/association360.ch\/trans\/wp-content\/uploads\/sites\/4\/2015\/11\/tords-le-cou-a-ton-genre-groupe-trans-360-en.jpg\" width=\"1200\" height=\"490\" srcset=\"https:\/\/association360.ch\/trans\/wp-content\/uploads\/sites\/4\/2015\/11\/tords-le-cou-a-ton-genre-groupe-trans-360-en.jpg 1200w, https:\/\/association360.ch\/trans\/wp-content\/uploads\/sites\/4\/2015\/11\/tords-le-cou-a-ton-genre-groupe-trans-360-en-300x122.jpg 300w, https:\/\/association360.ch\/trans\/wp-content\/uploads\/sites\/4\/2015\/11\/tords-le-cou-a-ton-genre-groupe-trans-360-en-1024x418.jpg 1024w\" sizes=\"auto, (max-width: 1200px) 100vw, 1200px\" \/><\/a><\/p>\n<div id='gallery-4' class='gallery galleryid-2247 gallery-columns-4 gallery-size-thumbnail'><figure class='gallery-item'>\n\t\t\t<div class='gallery-icon landscape'>\n\t\t\t\t<a href='https:\/\/association360.ch\/trans\/photos-manif-tdor-2015-soiree-tords-le-cou-a-ton-genre\/dsc_0328\/'><img loading=\"lazy\" decoding=\"async\" width=\"150\" height=\"150\" src=\"https:\/\/association360.ch\/trans\/wp-content\/uploads\/sites\/4\/2015\/11\/DSC_0328-150x150.jpg\" class=\"attachment-thumbnail size-thumbnail\" alt=\"apr\u00e8s le TDOR 2015: Tords le cou \u00e0 ton genre ! Avec King&#039;s Queer et Sheerday - Photos: Irina Popa\" \/><\/a>\n\t\t\t<\/div><\/figure><figure class='gallery-item'>\n\t\t\t<div class='gallery-icon landscape'>\n\t\t\t\t<a href='https:\/\/association360.ch\/trans\/photos-manif-tdor-2015-soiree-tords-le-cou-a-ton-genre\/dsc_0331-2\/'><img loading=\"lazy\" decoding=\"async\" width=\"150\" height=\"150\" src=\"https:\/\/association360.ch\/trans\/wp-content\/uploads\/sites\/4\/2015\/11\/DSC_0331-150x150.jpg\" class=\"attachment-thumbnail size-thumbnail\" alt=\"apr\u00e8s le TDOR 2015: Tords le cou \u00e0 ton genre ! Avec King&#039;s Queer et Sheerday - Photos: Irina Popa\" \/><\/a>\n\t\t\t<\/div><\/figure><figure class='gallery-item'>\n\t\t\t<div class='gallery-icon landscape'>\n\t\t\t\t<a href='https:\/\/association360.ch\/trans\/photos-manif-tdor-2015-soiree-tords-le-cou-a-ton-genre\/dsc_0336\/'><img loading=\"lazy\" decoding=\"async\" width=\"150\" height=\"150\" src=\"https:\/\/association360.ch\/trans\/wp-content\/uploads\/sites\/4\/2015\/11\/DSC_0336-150x150.jpg\" class=\"attachment-thumbnail size-thumbnail\" alt=\"apr\u00e8s le TDOR 2015: Tords le cou \u00e0 ton genre ! Avec King&#039;s Queer et Sheerday - Photos: Irina Popa\" \/><\/a>\n\t\t\t<\/div><\/figure><figure class='gallery-item'>\n\t\t\t<div class='gallery-icon landscape'>\n\t\t\t\t<a href='https:\/\/association360.ch\/trans\/photos-manif-tdor-2015-soiree-tords-le-cou-a-ton-genre\/dsc_0342\/'><img loading=\"lazy\" decoding=\"async\" width=\"150\" height=\"150\" src=\"https:\/\/association360.ch\/trans\/wp-content\/uploads\/sites\/4\/2015\/11\/DSC_0342-150x150.jpg\" class=\"attachment-thumbnail size-thumbnail\" alt=\"apr\u00e8s le TDOR 2015: Tords le cou \u00e0 ton genre ! Avec King&#039;s Queer et Sheerday - Photos: Irina Popa\" \/><\/a>\n\t\t\t<\/div><\/figure><figure class='gallery-item'>\n\t\t\t<div class='gallery-icon landscape'>\n\t\t\t\t<a href='https:\/\/association360.ch\/trans\/photos-manif-tdor-2015-soiree-tords-le-cou-a-ton-genre\/dsc_0346\/'><img loading=\"lazy\" decoding=\"async\" width=\"150\" height=\"150\" src=\"https:\/\/association360.ch\/trans\/wp-content\/uploads\/sites\/4\/2015\/11\/DSC_0346-150x150.jpg\" class=\"attachment-thumbnail size-thumbnail\" alt=\"apr\u00e8s le TDOR 2015: Tords le cou \u00e0 ton genre ! Avec King&#039;s Queer et Sheerday - Photos: Irina Popa\" \/><\/a>\n\t\t\t<\/div><\/figure><figure class='gallery-item'>\n\t\t\t<div class='gallery-icon landscape'>\n\t\t\t\t<a href='https:\/\/association360.ch\/trans\/photos-manif-tdor-2015-soiree-tords-le-cou-a-ton-genre\/dsc_0348\/'><img loading=\"lazy\" decoding=\"async\" width=\"150\" height=\"150\" src=\"https:\/\/association360.ch\/trans\/wp-content\/uploads\/sites\/4\/2015\/11\/DSC_0348-150x150.jpg\" class=\"attachment-thumbnail size-thumbnail\" alt=\"apr\u00e8s le TDOR 2015: Tords le cou \u00e0 ton genre ! Avec King&#039;s Queer et Sheerday - Photos: Irina Popa\" \/><\/a>\n\t\t\t<\/div><\/figure><figure class='gallery-item'>\n\t\t\t<div class='gallery-icon landscape'>\n\t\t\t\t<a href='https:\/\/association360.ch\/trans\/photos-manif-tdor-2015-soiree-tords-le-cou-a-ton-genre\/dsc_0354-2\/'><img loading=\"lazy\" decoding=\"async\" width=\"150\" height=\"150\" src=\"https:\/\/association360.ch\/trans\/wp-content\/uploads\/sites\/4\/2015\/11\/DSC_0354-150x150.jpg\" class=\"attachment-thumbnail size-thumbnail\" alt=\"apr\u00e8s le TDOR 2015: Tords le cou \u00e0 ton genre ! Avec King&#039;s Queer et Sheerday - Photos: Irina Popa\" \/><\/a>\n\t\t\t<\/div><\/figure><figure class='gallery-item'>\n\t\t\t<div class='gallery-icon landscape'>\n\t\t\t\t<a href='https:\/\/association360.ch\/trans\/photos-manif-tdor-2015-soiree-tords-le-cou-a-ton-genre\/dsc_0376\/'><img loading=\"lazy\" decoding=\"async\" width=\"150\" height=\"150\" src=\"https:\/\/association360.ch\/trans\/wp-content\/uploads\/sites\/4\/2015\/11\/DSC_0376-150x150.jpg\" class=\"attachment-thumbnail size-thumbnail\" alt=\"apr\u00e8s le TDOR 2015: Tords le cou \u00e0 ton genre ! Avec King&#039;s Queer et Sheerday - Photos: Irina Popa\" \/><\/a>\n\t\t\t<\/div><\/figure><figure class='gallery-item'>\n\t\t\t<div class='gallery-icon landscape'>\n\t\t\t\t<a href='https:\/\/association360.ch\/trans\/photos-manif-tdor-2015-soiree-tords-le-cou-a-ton-genre\/dsc_0377\/'><img loading=\"lazy\" decoding=\"async\" width=\"150\" height=\"150\" src=\"https:\/\/association360.ch\/trans\/wp-content\/uploads\/sites\/4\/2015\/11\/DSC_0377-150x150.jpg\" class=\"attachment-thumbnail size-thumbnail\" alt=\"apr\u00e8s le TDOR 2015: Tords le cou \u00e0 ton genre ! Avec King&#039;s Queer et Sheerday - Photos: Irina Popa\" \/><\/a>\n\t\t\t<\/div><\/figure><figure class='gallery-item'>\n\t\t\t<div class='gallery-icon landscape'>\n\t\t\t\t<a href='https:\/\/association360.ch\/trans\/photos-manif-tdor-2015-soiree-tords-le-cou-a-ton-genre\/dsc_0382\/'><img loading=\"lazy\" decoding=\"async\" width=\"150\" height=\"150\" src=\"https:\/\/association360.ch\/trans\/wp-content\/uploads\/sites\/4\/2015\/11\/DSC_0382-150x150.jpg\" class=\"attachment-thumbnail size-thumbnail\" alt=\"apr\u00e8s le TDOR 2015: Tords le cou \u00e0 ton genre ! Avec King&#039;s Queer et Sheerday - Photos: Irina Popa\" \/><\/a>\n\t\t\t<\/div><\/figure><figure class='gallery-item'>\n\t\t\t<div class='gallery-icon landscape'>\n\t\t\t\t<a href='https:\/\/association360.ch\/trans\/photos-manif-tdor-2015-soiree-tords-le-cou-a-ton-genre\/dsc_0386\/'><img loading=\"lazy\" decoding=\"async\" width=\"150\" height=\"150\" src=\"https:\/\/association360.ch\/trans\/wp-content\/uploads\/sites\/4\/2015\/11\/DSC_0386-150x150.jpg\" class=\"attachment-thumbnail size-thumbnail\" alt=\"apr\u00e8s le TDOR 2015: Tords le cou \u00e0 ton genre ! Avec King&#039;s Queer et Sheerday - Photos: Irina Popa\" \/><\/a>\n\t\t\t<\/div><\/figure><figure class='gallery-item'>\n\t\t\t<div class='gallery-icon landscape'>\n\t\t\t\t<a href='https:\/\/association360.ch\/trans\/photos-manif-tdor-2015-soiree-tords-le-cou-a-ton-genre\/dsc_0388\/'><img loading=\"lazy\" decoding=\"async\" width=\"150\" height=\"150\" src=\"https:\/\/association360.ch\/trans\/wp-content\/uploads\/sites\/4\/2015\/11\/DSC_0388-150x150.jpg\" class=\"attachment-thumbnail size-thumbnail\" alt=\"apr\u00e8s le TDOR 2015: Tords le cou \u00e0 ton genre ! Avec King&#039;s Queer et Sheerday - Photos: Irina Popa\" \/><\/a>\n\t\t\t<\/div><\/figure><figure class='gallery-item'>\n\t\t\t<div class='gallery-icon landscape'>\n\t\t\t\t<a href='https:\/\/association360.ch\/trans\/photos-manif-tdor-2015-soiree-tords-le-cou-a-ton-genre\/dsc_0389\/'><img loading=\"lazy\" decoding=\"async\" width=\"150\" height=\"150\" src=\"https:\/\/association360.ch\/trans\/wp-content\/uploads\/sites\/4\/2015\/11\/DSC_0389-150x150.jpg\" class=\"attachment-thumbnail size-thumbnail\" alt=\"apr\u00e8s le TDOR 2015: Tords le cou \u00e0 ton genre ! Avec King&#039;s Queer et Sheerday - Photos: Irina Popa\" \/><\/a>\n\t\t\t<\/div><\/figure><figure class='gallery-item'>\n\t\t\t<div class='gallery-icon landscape'>\n\t\t\t\t<a href='https:\/\/association360.ch\/trans\/photos-manif-tdor-2015-soiree-tords-le-cou-a-ton-genre\/dsc_0390\/'><img loading=\"lazy\" decoding=\"async\" width=\"150\" height=\"150\" src=\"https:\/\/association360.ch\/trans\/wp-content\/uploads\/sites\/4\/2015\/11\/DSC_0390-150x150.jpg\" class=\"attachment-thumbnail size-thumbnail\" alt=\"apr\u00e8s le TDOR 2015: Tords le cou \u00e0 ton genre ! Avec King&#039;s Queer et Sheerday - Photos: Irina Popa\" \/><\/a>\n\t\t\t<\/div><\/figure><figure class='gallery-item'>\n\t\t\t<div class='gallery-icon landscape'>\n\t\t\t\t<a href='https:\/\/association360.ch\/trans\/photos-manif-tdor-2015-soiree-tords-le-cou-a-ton-genre\/dsc_0395\/'><img loading=\"lazy\" decoding=\"async\" width=\"150\" height=\"150\" src=\"https:\/\/association360.ch\/trans\/wp-content\/uploads\/sites\/4\/2015\/11\/DSC_0395-150x150.jpg\" class=\"attachment-thumbnail size-thumbnail\" alt=\"apr\u00e8s le TDOR 2015: Tords le cou \u00e0 ton genre ! Avec King&#039;s Queer et Sheerday - Photos: Irina Popa\" \/><\/a>\n\t\t\t<\/div><\/figure><figure class='gallery-item'>\n\t\t\t<div class='gallery-icon landscape'>\n\t\t\t\t<a href='https:\/\/association360.ch\/trans\/photos-manif-tdor-2015-soiree-tords-le-cou-a-ton-genre\/dsc_0408\/'><img loading=\"lazy\" decoding=\"async\" width=\"150\" height=\"150\" src=\"https:\/\/association360.ch\/trans\/wp-content\/uploads\/sites\/4\/2015\/11\/DSC_0408-150x150.jpg\" class=\"attachment-thumbnail size-thumbnail\" alt=\"apr\u00e8s le TDOR 2015: Tords le cou \u00e0 ton genre ! Avec King&#039;s Queer et Sheerday - Photos: Irina Popa\" \/><\/a>\n\t\t\t<\/div><\/figure><figure class='gallery-item'>\n\t\t\t<div class='gallery-icon landscape'>\n\t\t\t\t<a href='https:\/\/association360.ch\/trans\/photos-manif-tdor-2015-soiree-tords-le-cou-a-ton-genre\/dsc_0409-2\/'><img loading=\"lazy\" decoding=\"async\" width=\"150\" height=\"150\" src=\"https:\/\/association360.ch\/trans\/wp-content\/uploads\/sites\/4\/2015\/11\/DSC_0409-150x150.jpg\" class=\"attachment-thumbnail size-thumbnail\" alt=\"apr\u00e8s le TDOR 2015: Tords le cou \u00e0 ton genre ! Avec King&#039;s Queer et Sheerday - Photos: Irina Popa\" \/><\/a>\n\t\t\t<\/div><\/figure><figure class='gallery-item'>\n\t\t\t<div class='gallery-icon landscape'>\n\t\t\t\t<a href='https:\/\/association360.ch\/trans\/photos-manif-tdor-2015-soiree-tords-le-cou-a-ton-genre\/dsc_0414\/'><img loading=\"lazy\" decoding=\"async\" width=\"150\" height=\"150\" src=\"https:\/\/association360.ch\/trans\/wp-content\/uploads\/sites\/4\/2015\/11\/DSC_0414-150x150.jpg\" class=\"attachment-thumbnail size-thumbnail\" alt=\"apr\u00e8s le TDOR 2015: Tords le cou \u00e0 ton genre ! Avec King&#039;s Queer et Sheerday - Photos: Irina Popa\" \/><\/a>\n\t\t\t<\/div><\/figure><figure class='gallery-item'>\n\t\t\t<div class='gallery-icon landscape'>\n\t\t\t\t<a href='https:\/\/association360.ch\/trans\/photos-manif-tdor-2015-soiree-tords-le-cou-a-ton-genre\/dsc_0417\/'><img loading=\"lazy\" decoding=\"async\" width=\"150\" height=\"150\" src=\"https:\/\/association360.ch\/trans\/wp-content\/uploads\/sites\/4\/2015\/11\/DSC_0417-150x150.jpg\" class=\"attachment-thumbnail size-thumbnail\" alt=\"apr\u00e8s le TDOR 2015: Tords le cou \u00e0 ton genre ! Avec King&#039;s Queer et Sheerday - Photos: Irina Popa\" \/><\/a>\n\t\t\t<\/div><\/figure><figure class='gallery-item'>\n\t\t\t<div class='gallery-icon landscape'>\n\t\t\t\t<a href='https:\/\/association360.ch\/trans\/photos-manif-tdor-2015-soiree-tords-le-cou-a-ton-genre\/dsc_0419\/'><img loading=\"lazy\" decoding=\"async\" width=\"150\" height=\"150\" src=\"https:\/\/association360.ch\/trans\/wp-content\/uploads\/sites\/4\/2015\/11\/DSC_0419-150x150.jpg\" class=\"attachment-thumbnail size-thumbnail\" alt=\"apr\u00e8s le TDOR 2015: Tords le cou \u00e0 ton genre ! Avec King&#039;s Queer et Sheerday - Photos: Irina Popa\" \/><\/a>\n\t\t\t<\/div><\/figure><figure class='gallery-item'>\n\t\t\t<div class='gallery-icon landscape'>\n\t\t\t\t<a href='https:\/\/association360.ch\/trans\/photos-manif-tdor-2015-soiree-tords-le-cou-a-ton-genre\/dsc_0420\/'><img loading=\"lazy\" decoding=\"async\" width=\"150\" height=\"150\" src=\"https:\/\/association360.ch\/trans\/wp-content\/uploads\/sites\/4\/2015\/11\/DSC_0420-150x150.jpg\" class=\"attachment-thumbnail size-thumbnail\" alt=\"apr\u00e8s le TDOR 2015: Tords le cou \u00e0 ton genre ! Avec King&#039;s Queer et Sheerday - Photos: Irina Popa\" \/><\/a>\n\t\t\t<\/div><\/figure><figure class='gallery-item'>\n\t\t\t<div class='gallery-icon landscape'>\n\t\t\t\t<a href='https:\/\/association360.ch\/trans\/photos-manif-tdor-2015-soiree-tords-le-cou-a-ton-genre\/dsc_0422\/'><img loading=\"lazy\" decoding=\"async\" width=\"150\" height=\"150\" src=\"https:\/\/association360.ch\/trans\/wp-content\/uploads\/sites\/4\/2015\/11\/DSC_0422-150x150.jpg\" class=\"attachment-thumbnail size-thumbnail\" alt=\"apr\u00e8s le TDOR 2015: Tords le cou \u00e0 ton genre ! Avec King&#039;s Queer et Sheerday - Photos: Irina Popa\" \/><\/a>\n\t\t\t<\/div><\/figure><figure class='gallery-item'>\n\t\t\t<div class='gallery-icon landscape'>\n\t\t\t\t<a href='https:\/\/association360.ch\/trans\/photos-manif-tdor-2015-soiree-tords-le-cou-a-ton-genre\/dsc_0423\/'><img loading=\"lazy\" decoding=\"async\" width=\"150\" height=\"150\" src=\"https:\/\/association360.ch\/trans\/wp-content\/uploads\/sites\/4\/2015\/11\/DSC_0423-150x150.jpg\" class=\"attachment-thumbnail size-thumbnail\" alt=\"apr\u00e8s le TDOR 2015: Tords le cou \u00e0 ton genre ! Avec King&#039;s Queer et Sheerday - Photos: Irina Popa\" \/><\/a>\n\t\t\t<\/div><\/figure><figure class='gallery-item'>\n\t\t\t<div class='gallery-icon landscape'>\n\t\t\t\t<a href='https:\/\/association360.ch\/trans\/photos-manif-tdor-2015-soiree-tords-le-cou-a-ton-genre\/dsc_0447\/'><img loading=\"lazy\" decoding=\"async\" width=\"150\" height=\"150\" src=\"https:\/\/association360.ch\/trans\/wp-content\/uploads\/sites\/4\/2015\/11\/DSC_0447-150x150.jpg\" class=\"attachment-thumbnail size-thumbnail\" alt=\"apr\u00e8s le TDOR 2015: Tords le cou \u00e0 ton genre ! Avec King&#039;s Queer et Sheerday - Photos: Irina Popa\" \/><\/a>\n\t\t\t<\/div><\/figure><figure class='gallery-item'>\n\t\t\t<div class='gallery-icon landscape'>\n\t\t\t\t<a href='https:\/\/association360.ch\/trans\/photos-manif-tdor-2015-soiree-tords-le-cou-a-ton-genre\/dsc_0450\/'><img loading=\"lazy\" decoding=\"async\" width=\"150\" height=\"150\" src=\"https:\/\/association360.ch\/trans\/wp-content\/uploads\/sites\/4\/2015\/11\/DSC_0450-150x150.jpg\" class=\"attachment-thumbnail size-thumbnail\" alt=\"apr\u00e8s le TDOR 2015: Tords le cou \u00e0 ton genre ! Avec King&#039;s Queer et Sheerday - Photos: Irina Popa\" \/><\/a>\n\t\t\t<\/div><\/figure><figure class='gallery-item'>\n\t\t\t<div class='gallery-icon landscape'>\n\t\t\t\t<a href='https:\/\/association360.ch\/trans\/photos-manif-tdor-2015-soiree-tords-le-cou-a-ton-genre\/dsc_0451\/'><img loading=\"lazy\" decoding=\"async\" width=\"150\" height=\"150\" src=\"https:\/\/association360.ch\/trans\/wp-content\/uploads\/sites\/4\/2015\/11\/DSC_0451-150x150.jpg\" class=\"attachment-thumbnail size-thumbnail\" alt=\"apr\u00e8s le TDOR 2015: Tords le cou \u00e0 ton genre ! Avec King&#039;s Queer et Sheerday - Photos: Irina Popa\" \/><\/a>\n\t\t\t<\/div><\/figure><figure class='gallery-item'>\n\t\t\t<div class='gallery-icon landscape'>\n\t\t\t\t<a href='https:\/\/association360.ch\/trans\/photos-manif-tdor-2015-soiree-tords-le-cou-a-ton-genre\/dsc_0459\/'><img loading=\"lazy\" decoding=\"async\" width=\"150\" height=\"150\" src=\"https:\/\/association360.ch\/trans\/wp-content\/uploads\/sites\/4\/2015\/11\/DSC_0459-150x150.jpg\" class=\"attachment-thumbnail size-thumbnail\" alt=\"apr\u00e8s le TDOR 2015: Tords le cou \u00e0 ton genre ! Avec King&#039;s Queer et Sheerday - Photos: Irina Popa\" \/><\/a>\n\t\t\t<\/div><\/figure><figure class='gallery-item'>\n\t\t\t<div class='gallery-icon landscape'>\n\t\t\t\t<a href='https:\/\/association360.ch\/trans\/photos-manif-tdor-2015-soiree-tords-le-cou-a-ton-genre\/dsc_0460\/'><img loading=\"lazy\" decoding=\"async\" width=\"150\" height=\"150\" src=\"https:\/\/association360.ch\/trans\/wp-content\/uploads\/sites\/4\/2015\/11\/DSC_0460-150x150.jpg\" class=\"attachment-thumbnail size-thumbnail\" alt=\"apr\u00e8s le TDOR 2015: Tords le cou \u00e0 ton genre ! Avec King&#039;s Queer et Sheerday - Photos: Irina Popa\" \/><\/a>\n\t\t\t<\/div><\/figure><figure class='gallery-item'>\n\t\t\t<div class='gallery-icon landscape'>\n\t\t\t\t<a href='https:\/\/association360.ch\/trans\/photos-manif-tdor-2015-soiree-tords-le-cou-a-ton-genre\/dsc_0461\/'><img loading=\"lazy\" decoding=\"async\" width=\"150\" height=\"150\" src=\"https:\/\/association360.ch\/trans\/wp-content\/uploads\/sites\/4\/2015\/11\/DSC_0461-150x150.jpg\" class=\"attachment-thumbnail size-thumbnail\" alt=\"apr\u00e8s le TDOR 2015: Tords le cou \u00e0 ton genre ! Avec King&#039;s Queer et Sheerday - Photos: Irina Popa\" \/><\/a>\n\t\t\t<\/div><\/figure><figure class='gallery-item'>\n\t\t\t<div class='gallery-icon landscape'>\n\t\t\t\t<a href='https:\/\/association360.ch\/trans\/photos-manif-tdor-2015-soiree-tords-le-cou-a-ton-genre\/dsc_0464\/'><img loading=\"lazy\" decoding=\"async\" width=\"150\" height=\"150\" src=\"https:\/\/association360.ch\/trans\/wp-content\/uploads\/sites\/4\/2015\/11\/DSC_0464-150x150.jpg\" class=\"attachment-thumbnail size-thumbnail\" alt=\"apr\u00e8s le TDOR 2015: Tords le cou \u00e0 ton genre ! Avec King&#039;s Queer et Sheerday - Photos: Irina Popa\" \/><\/a>\n\t\t\t<\/div><\/figure><figure class='gallery-item'>\n\t\t\t<div class='gallery-icon landscape'>\n\t\t\t\t<a href='https:\/\/association360.ch\/trans\/photos-manif-tdor-2015-soiree-tords-le-cou-a-ton-genre\/dsc_0469\/'><img loading=\"lazy\" decoding=\"async\" width=\"150\" height=\"150\" src=\"https:\/\/association360.ch\/trans\/wp-content\/uploads\/sites\/4\/2015\/11\/DSC_0469-150x150.jpg\" class=\"attachment-thumbnail size-thumbnail\" alt=\"apr\u00e8s le TDOR 2015: Tords le cou \u00e0 ton genre ! Avec King&#039;s Queer et Sheerday - Photos: Irina Popa\" \/><\/a>\n\t\t\t<\/div><\/figure><figure class='gallery-item'>\n\t\t\t<div class='gallery-icon landscape'>\n\t\t\t\t<a href='https:\/\/association360.ch\/trans\/photos-manif-tdor-2015-soiree-tords-le-cou-a-ton-genre\/dsc_0470\/'><img loading=\"lazy\" decoding=\"async\" width=\"150\" height=\"150\" src=\"https:\/\/association360.ch\/trans\/wp-content\/uploads\/sites\/4\/2015\/11\/DSC_0470-150x150.jpg\" class=\"attachment-thumbnail size-thumbnail\" alt=\"apr\u00e8s le TDOR 2015: Tords le cou \u00e0 ton genre ! Avec King&#039;s Queer et Sheerday - Photos: Irina Popa\" \/><\/a>\n\t\t\t<\/div><\/figure><figure class='gallery-item'>\n\t\t\t<div class='gallery-icon landscape'>\n\t\t\t\t<a href='https:\/\/association360.ch\/trans\/photos-manif-tdor-2015-soiree-tords-le-cou-a-ton-genre\/dsc_0481\/'><img loading=\"lazy\" decoding=\"async\" width=\"150\" height=\"150\" src=\"https:\/\/association360.ch\/trans\/wp-content\/uploads\/sites\/4\/2015\/11\/DSC_0481-150x150.jpg\" class=\"attachment-thumbnail size-thumbnail\" alt=\"apr\u00e8s le TDOR 2015: Tords le cou \u00e0 ton genre ! Avec King&#039;s Queer et Sheerday - Photos: Irina Popa\" \/><\/a>\n\t\t\t<\/div><\/figure><figure class='gallery-item'>\n\t\t\t<div class='gallery-icon landscape'>\n\t\t\t\t<a href='https:\/\/association360.ch\/trans\/photos-manif-tdor-2015-soiree-tords-le-cou-a-ton-genre\/dsc_0491\/'><img loading=\"lazy\" decoding=\"async\" width=\"150\" height=\"150\" src=\"https:\/\/association360.ch\/trans\/wp-content\/uploads\/sites\/4\/2015\/11\/DSC_0491-150x150.jpg\" class=\"attachment-thumbnail size-thumbnail\" alt=\"apr\u00e8s le TDOR 2015: Tords le cou \u00e0 ton genre ! Avec King&#039;s Queer et Sheerday - Photos: Irina Popa\" \/><\/a>\n\t\t\t<\/div><\/figure><figure class='gallery-item'>\n\t\t\t<div class='gallery-icon landscape'>\n\t\t\t\t<a href='https:\/\/association360.ch\/trans\/photos-manif-tdor-2015-soiree-tords-le-cou-a-ton-genre\/dsc_0493\/'><img loading=\"lazy\" decoding=\"async\" width=\"150\" height=\"150\" src=\"https:\/\/association360.ch\/trans\/wp-content\/uploads\/sites\/4\/2015\/11\/DSC_0493-150x150.jpg\" class=\"attachment-thumbnail size-thumbnail\" alt=\"apr\u00e8s le TDOR 2015: Tords le cou \u00e0 ton genre ! Avec King&#039;s Queer et Sheerday - Photos: Irina Popa\" \/><\/a>\n\t\t\t<\/div><\/figure><figure class='gallery-item'>\n\t\t\t<div class='gallery-icon landscape'>\n\t\t\t\t<a href='https:\/\/association360.ch\/trans\/photos-manif-tdor-2015-soiree-tords-le-cou-a-ton-genre\/dsc_0494\/'><img loading=\"lazy\" decoding=\"async\" width=\"150\" height=\"150\" src=\"https:\/\/association360.ch\/trans\/wp-content\/uploads\/sites\/4\/2015\/11\/DSC_0494-150x150.jpg\" class=\"attachment-thumbnail size-thumbnail\" alt=\"apr\u00e8s le TDOR 2015: Tords le cou \u00e0 ton genre ! Avec King&#039;s Queer et Sheerday - Photos: Irina Popa\" \/><\/a>\n\t\t\t<\/div><\/figure><figure class='gallery-item'>\n\t\t\t<div class='gallery-icon landscape'>\n\t\t\t\t<a href='https:\/\/association360.ch\/trans\/photos-manif-tdor-2015-soiree-tords-le-cou-a-ton-genre\/dsc_0496\/'><img loading=\"lazy\" decoding=\"async\" width=\"150\" height=\"150\" src=\"https:\/\/association360.ch\/trans\/wp-content\/uploads\/sites\/4\/2015\/11\/DSC_0496-150x150.jpg\" class=\"attachment-thumbnail size-thumbnail\" alt=\"apr\u00e8s le TDOR 2015: Tords le cou \u00e0 ton genre ! Avec King&#039;s Queer et Sheerday - Photos: Irina Popa\" \/><\/a>\n\t\t\t<\/div><\/figure><figure class='gallery-item'>\n\t\t\t<div class='gallery-icon landscape'>\n\t\t\t\t<a href='https:\/\/association360.ch\/trans\/photos-manif-tdor-2015-soiree-tords-le-cou-a-ton-genre\/dsc_0497\/'><img loading=\"lazy\" decoding=\"async\" width=\"150\" height=\"150\" src=\"https:\/\/association360.ch\/trans\/wp-content\/uploads\/sites\/4\/2015\/11\/DSC_0497-150x150.jpg\" class=\"attachment-thumbnail size-thumbnail\" alt=\"apr\u00e8s le TDOR 2015: Tords le cou \u00e0 ton genre ! Avec King&#039;s Queer et Sheerday - Photos: Irina Popa\" \/><\/a>\n\t\t\t<\/div><\/figure><figure class='gallery-item'>\n\t\t\t<div class='gallery-icon landscape'>\n\t\t\t\t<a href='https:\/\/association360.ch\/trans\/photos-manif-tdor-2015-soiree-tords-le-cou-a-ton-genre\/dsc_0498\/'><img loading=\"lazy\" decoding=\"async\" width=\"150\" height=\"150\" src=\"https:\/\/association360.ch\/trans\/wp-content\/uploads\/sites\/4\/2015\/11\/DSC_0498-150x150.jpg\" class=\"attachment-thumbnail size-thumbnail\" alt=\"apr\u00e8s le TDOR 2015: Tords le cou \u00e0 ton genre ! Avec King&#039;s Queer et Sheerday - Photos: Irina Popa\" \/><\/a>\n\t\t\t<\/div><\/figure><figure class='gallery-item'>\n\t\t\t<div class='gallery-icon landscape'>\n\t\t\t\t<a href='https:\/\/association360.ch\/trans\/photos-manif-tdor-2015-soiree-tords-le-cou-a-ton-genre\/dsc_0499\/'><img loading=\"lazy\" decoding=\"async\" width=\"150\" height=\"150\" src=\"https:\/\/association360.ch\/trans\/wp-content\/uploads\/sites\/4\/2015\/11\/DSC_0499-150x150.jpg\" class=\"attachment-thumbnail size-thumbnail\" alt=\"apr\u00e8s le TDOR 2015: Tords le cou \u00e0 ton genre ! Avec King&#039;s Queer et Sheerday - Photos: Irina Popa\" \/><\/a>\n\t\t\t<\/div><\/figure><figure class='gallery-item'>\n\t\t\t<div class='gallery-icon landscape'>\n\t\t\t\t<a href='https:\/\/association360.ch\/trans\/photos-manif-tdor-2015-soiree-tords-le-cou-a-ton-genre\/dsc_0502\/'><img loading=\"lazy\" decoding=\"async\" width=\"150\" height=\"150\" src=\"https:\/\/association360.ch\/trans\/wp-content\/uploads\/sites\/4\/2015\/11\/DSC_0502-150x150.jpg\" class=\"attachment-thumbnail size-thumbnail\" alt=\"apr\u00e8s le TDOR 2015: Tords le cou \u00e0 ton genre ! Avec King&#039;s Queer et Sheerday - Photos: Irina Popa\" \/><\/a>\n\t\t\t<\/div><\/figure><figure class='gallery-item'>\n\t\t\t<div class='gallery-icon landscape'>\n\t\t\t\t<a href='https:\/\/association360.ch\/trans\/photos-manif-tdor-2015-soiree-tords-le-cou-a-ton-genre\/dsc_0503\/'><img loading=\"lazy\" decoding=\"async\" width=\"150\" height=\"150\" src=\"https:\/\/association360.ch\/trans\/wp-content\/uploads\/sites\/4\/2015\/11\/DSC_0503-150x150.jpg\" class=\"attachment-thumbnail size-thumbnail\" alt=\"apr\u00e8s le TDOR 2015: Tords le cou \u00e0 ton genre ! Avec King&#039;s Queer et Sheerday - Photos: Irina Popa\" \/><\/a>\n\t\t\t<\/div><\/figure><figure class='gallery-item'>\n\t\t\t<div class='gallery-icon landscape'>\n\t\t\t\t<a href='https:\/\/association360.ch\/trans\/photos-manif-tdor-2015-soiree-tords-le-cou-a-ton-genre\/dsc_0504\/'><img loading=\"lazy\" decoding=\"async\" width=\"150\" height=\"150\" src=\"https:\/\/association360.ch\/trans\/wp-content\/uploads\/sites\/4\/2015\/11\/DSC_0504-150x150.jpg\" class=\"attachment-thumbnail size-thumbnail\" alt=\"apr\u00e8s le TDOR 2015: Tords le cou \u00e0 ton genre ! Avec King&#039;s Queer et Sheerday - Photos: Irina Popa\" \/><\/a>\n\t\t\t<\/div><\/figure><figure class='gallery-item'>\n\t\t\t<div class='gallery-icon landscape'>\n\t\t\t\t<a href='https:\/\/association360.ch\/trans\/photos-manif-tdor-2015-soiree-tords-le-cou-a-ton-genre\/dsc_0506\/'><img loading=\"lazy\" decoding=\"async\" width=\"150\" height=\"150\" src=\"https:\/\/association360.ch\/trans\/wp-content\/uploads\/sites\/4\/2015\/11\/DSC_0506-150x150.jpg\" class=\"attachment-thumbnail size-thumbnail\" alt=\"apr\u00e8s le TDOR 2015: Tords le cou \u00e0 ton genre ! Avec King&#039;s Queer et Sheerday - Photos: Irina Popa\" \/><\/a>\n\t\t\t<\/div><\/figure><figure class='gallery-item'>\n\t\t\t<div class='gallery-icon landscape'>\n\t\t\t\t<a href='https:\/\/association360.ch\/trans\/photos-manif-tdor-2015-soiree-tords-le-cou-a-ton-genre\/dsc_0509\/'><img loading=\"lazy\" decoding=\"async\" width=\"150\" height=\"150\" src=\"https:\/\/association360.ch\/trans\/wp-content\/uploads\/sites\/4\/2015\/11\/DSC_0509-150x150.jpg\" class=\"attachment-thumbnail size-thumbnail\" alt=\"apr\u00e8s le TDOR 2015: Tords le cou \u00e0 ton genre ! Avec King&#039;s Queer et Sheerday - Photos: Irina Popa\" \/><\/a>\n\t\t\t<\/div><\/figure><figure class='gallery-item'>\n\t\t\t<div class='gallery-icon landscape'>\n\t\t\t\t<a href='https:\/\/association360.ch\/trans\/photos-manif-tdor-2015-soiree-tords-le-cou-a-ton-genre\/dsc_0510\/'><img loading=\"lazy\" decoding=\"async\" width=\"150\" height=\"150\" src=\"https:\/\/association360.ch\/trans\/wp-content\/uploads\/sites\/4\/2015\/11\/DSC_0510-150x150.jpg\" class=\"attachment-thumbnail size-thumbnail\" alt=\"apr\u00e8s le TDOR 2015: Tords le cou \u00e0 ton genre ! Avec King&#039;s Queer et Sheerday - Photos: Irina Popa\" \/><\/a>\n\t\t\t<\/div><\/figure><figure class='gallery-item'>\n\t\t\t<div class='gallery-icon landscape'>\n\t\t\t\t<a href='https:\/\/association360.ch\/trans\/photos-manif-tdor-2015-soiree-tords-le-cou-a-ton-genre\/dsc_0511\/'><img loading=\"lazy\" decoding=\"async\" width=\"150\" height=\"150\" src=\"https:\/\/association360.ch\/trans\/wp-content\/uploads\/sites\/4\/2015\/11\/DSC_0511-150x150.jpg\" class=\"attachment-thumbnail size-thumbnail\" alt=\"apr\u00e8s le TDOR 2015: Tords le cou \u00e0 ton genre ! Avec King&#039;s Queer et Sheerday - Photos: Irina Popa\" \/><\/a>\n\t\t\t<\/div><\/figure><figure class='gallery-item'>\n\t\t\t<div class='gallery-icon landscape'>\n\t\t\t\t<a href='https:\/\/association360.ch\/trans\/photos-manif-tdor-2015-soiree-tords-le-cou-a-ton-genre\/dsc_0518\/'><img loading=\"lazy\" decoding=\"async\" width=\"150\" height=\"150\" src=\"https:\/\/association360.ch\/trans\/wp-content\/uploads\/sites\/4\/2015\/11\/DSC_0518-150x150.jpg\" class=\"attachment-thumbnail size-thumbnail\" alt=\"apr\u00e8s le TDOR 2015: Tords le cou \u00e0 ton genre ! Avec King&#039;s Queer et Sheerday - Photos: Irina Popa\" \/><\/a>\n\t\t\t<\/div><\/figure><figure class='gallery-item'>\n\t\t\t<div class='gallery-icon landscape'>\n\t\t\t\t<a href='https:\/\/association360.ch\/trans\/photos-manif-tdor-2015-soiree-tords-le-cou-a-ton-genre\/dsc_0521\/'><img loading=\"lazy\" decoding=\"async\" width=\"150\" height=\"150\" src=\"https:\/\/association360.ch\/trans\/wp-content\/uploads\/sites\/4\/2015\/11\/DSC_0521-150x150.jpg\" class=\"attachment-thumbnail size-thumbnail\" alt=\"apr\u00e8s le TDOR 2015: Tords le cou \u00e0 ton genre ! Avec King&#039;s Queer et Sheerday - Photos: Irina Popa\" \/><\/a>\n\t\t\t<\/div><\/figure><figure class='gallery-item'>\n\t\t\t<div class='gallery-icon landscape'>\n\t\t\t\t<a href='https:\/\/association360.ch\/trans\/photos-manif-tdor-2015-soiree-tords-le-cou-a-ton-genre\/dsc_0529\/'><img loading=\"lazy\" decoding=\"async\" width=\"150\" height=\"150\" src=\"https:\/\/association360.ch\/trans\/wp-content\/uploads\/sites\/4\/2015\/11\/DSC_0529-150x150.jpg\" class=\"attachment-thumbnail size-thumbnail\" alt=\"apr\u00e8s le TDOR 2015: Tords le cou \u00e0 ton genre ! Avec King&#039;s Queer et Sheerday - Photos: Irina Popa\" \/><\/a>\n\t\t\t<\/div><\/figure><figure class='gallery-item'>\n\t\t\t<div class='gallery-icon landscape'>\n\t\t\t\t<a href='https:\/\/association360.ch\/trans\/photos-manif-tdor-2015-soiree-tords-le-cou-a-ton-genre\/dsc_0531\/'><img loading=\"lazy\" decoding=\"async\" width=\"150\" height=\"150\" src=\"https:\/\/association360.ch\/trans\/wp-content\/uploads\/sites\/4\/2015\/11\/DSC_0531-150x150.jpg\" class=\"attachment-thumbnail size-thumbnail\" alt=\"apr\u00e8s le TDOR 2015: Tords le cou \u00e0 ton genre ! Avec King&#039;s Queer et Sheerday - Photos: Irina Popa\" \/><\/a>\n\t\t\t<\/div><\/figure><figure class='gallery-item'>\n\t\t\t<div class='gallery-icon landscape'>\n\t\t\t\t<a href='https:\/\/association360.ch\/trans\/photos-manif-tdor-2015-soiree-tords-le-cou-a-ton-genre\/dsc_0532\/'><img loading=\"lazy\" decoding=\"async\" width=\"150\" height=\"150\" src=\"https:\/\/association360.ch\/trans\/wp-content\/uploads\/sites\/4\/2015\/11\/DSC_0532-150x150.jpg\" class=\"attachment-thumbnail size-thumbnail\" alt=\"apr\u00e8s le TDOR 2015: Tords le cou \u00e0 ton genre ! Avec King&#039;s Queer et Sheerday - Photos: Irina Popa\" \/><\/a>\n\t\t\t<\/div><\/figure><figure class='gallery-item'>\n\t\t\t<div class='gallery-icon landscape'>\n\t\t\t\t<a href='https:\/\/association360.ch\/trans\/photos-manif-tdor-2015-soiree-tords-le-cou-a-ton-genre\/dsc_0533\/'><img loading=\"lazy\" decoding=\"async\" width=\"150\" height=\"150\" src=\"https:\/\/association360.ch\/trans\/wp-content\/uploads\/sites\/4\/2015\/11\/DSC_0533-150x150.jpg\" class=\"attachment-thumbnail size-thumbnail\" alt=\"apr\u00e8s le TDOR 2015: Tords le cou \u00e0 ton genre ! Avec King&#039;s Queer et Sheerday - Photos: Irina Popa\" \/><\/a>\n\t\t\t<\/div><\/figure><figure class='gallery-item'>\n\t\t\t<div class='gallery-icon landscape'>\n\t\t\t\t<a href='https:\/\/association360.ch\/trans\/photos-manif-tdor-2015-soiree-tords-le-cou-a-ton-genre\/dsc_0535\/'><img loading=\"lazy\" decoding=\"async\" width=\"150\" height=\"150\" src=\"https:\/\/association360.ch\/trans\/wp-content\/uploads\/sites\/4\/2015\/11\/DSC_0535-150x150.jpg\" class=\"attachment-thumbnail size-thumbnail\" alt=\"apr\u00e8s le TDOR 2015: Tords le cou \u00e0 ton genre ! Avec King&#039;s Queer et Sheerday - Photos: Irina Popa\" \/><\/a>\n\t\t\t<\/div><\/figure><figure class='gallery-item'>\n\t\t\t<div class='gallery-icon landscape'>\n\t\t\t\t<a href='https:\/\/association360.ch\/trans\/photos-manif-tdor-2015-soiree-tords-le-cou-a-ton-genre\/dsc_0536\/'><img loading=\"lazy\" decoding=\"async\" width=\"150\" height=\"150\" src=\"https:\/\/association360.ch\/trans\/wp-content\/uploads\/sites\/4\/2015\/11\/DSC_0536-150x150.jpg\" class=\"attachment-thumbnail size-thumbnail\" alt=\"apr\u00e8s le TDOR 2015: Tords le cou \u00e0 ton genre ! Avec King&#039;s Queer et Sheerday - Photos: Irina Popa\" \/><\/a>\n\t\t\t<\/div><\/figure><figure class='gallery-item'>\n\t\t\t<div class='gallery-icon landscape'>\n\t\t\t\t<a href='https:\/\/association360.ch\/trans\/photos-manif-tdor-2015-soiree-tords-le-cou-a-ton-genre\/dsc_0538\/'><img loading=\"lazy\" decoding=\"async\" width=\"150\" height=\"150\" src=\"https:\/\/association360.ch\/trans\/wp-content\/uploads\/sites\/4\/2015\/11\/DSC_0538-150x150.jpg\" class=\"attachment-thumbnail size-thumbnail\" alt=\"apr\u00e8s le TDOR 2015: Tords le cou \u00e0 ton genre ! Avec King&#039;s Queer et Sheerday - Photos: Irina Popa\" \/><\/a>\n\t\t\t<\/div><\/figure><figure class='gallery-item'>\n\t\t\t<div class='gallery-icon landscape'>\n\t\t\t\t<a href='https:\/\/association360.ch\/trans\/photos-manif-tdor-2015-soiree-tords-le-cou-a-ton-genre\/dsc_0541\/'><img loading=\"lazy\" decoding=\"async\" width=\"150\" height=\"150\" src=\"https:\/\/association360.ch\/trans\/wp-content\/uploads\/sites\/4\/2015\/11\/DSC_0541-150x150.jpg\" class=\"attachment-thumbnail size-thumbnail\" alt=\"apr\u00e8s le TDOR 2015: Tords le cou \u00e0 ton genre ! Avec King&#039;s Queer et Sheerday - Photos: Irina Popa\" \/><\/a>\n\t\t\t<\/div><\/figure><figure class='gallery-item'>\n\t\t\t<div class='gallery-icon landscape'>\n\t\t\t\t<a href='https:\/\/association360.ch\/trans\/photos-manif-tdor-2015-soiree-tords-le-cou-a-ton-genre\/dsc_0544\/'><img loading=\"lazy\" decoding=\"async\" width=\"150\" height=\"150\" src=\"https:\/\/association360.ch\/trans\/wp-content\/uploads\/sites\/4\/2015\/11\/DSC_0544-150x150.jpg\" class=\"attachment-thumbnail size-thumbnail\" alt=\"apr\u00e8s le TDOR 2015: Tords le cou \u00e0 ton genre ! Avec King&#039;s Queer et Sheerday - Photos: Irina Popa\" \/><\/a>\n\t\t\t<\/div><\/figure><figure class='gallery-item'>\n\t\t\t<div class='gallery-icon landscape'>\n\t\t\t\t<a href='https:\/\/association360.ch\/trans\/photos-manif-tdor-2015-soiree-tords-le-cou-a-ton-genre\/dsc_0546\/'><img loading=\"lazy\" decoding=\"async\" width=\"150\" height=\"150\" src=\"https:\/\/association360.ch\/trans\/wp-content\/uploads\/sites\/4\/2015\/11\/DSC_0546-150x150.jpg\" class=\"attachment-thumbnail size-thumbnail\" alt=\"apr\u00e8s le TDOR 2015: Tords le cou \u00e0 ton genre ! Avec King&#039;s Queer et Sheerday - Photos: Irina Popa\" \/><\/a>\n\t\t\t<\/div><\/figure><figure class='gallery-item'>\n\t\t\t<div class='gallery-icon landscape'>\n\t\t\t\t<a href='https:\/\/association360.ch\/trans\/photos-manif-tdor-2015-soiree-tords-le-cou-a-ton-genre\/dsc_0550\/'><img loading=\"lazy\" decoding=\"async\" width=\"150\" height=\"150\" src=\"https:\/\/association360.ch\/trans\/wp-content\/uploads\/sites\/4\/2015\/11\/DSC_0550-150x150.jpg\" class=\"attachment-thumbnail size-thumbnail\" alt=\"apr\u00e8s le TDOR 2015: Tords le cou \u00e0 ton genre ! Avec King&#039;s Queer et Sheerday - Photos: Irina Popa\" \/><\/a>\n\t\t\t<\/div><\/figure><figure class='gallery-item'>\n\t\t\t<div class='gallery-icon portrait'>\n\t\t\t\t<a href='https:\/\/association360.ch\/trans\/photos-manif-tdor-2015-soiree-tords-le-cou-a-ton-genre\/dsc_0554\/'><img loading=\"lazy\" decoding=\"async\" width=\"150\" height=\"150\" src=\"https:\/\/association360.ch\/trans\/wp-content\/uploads\/sites\/4\/2015\/11\/DSC_0554-150x150.jpg\" class=\"attachment-thumbnail size-thumbnail\" alt=\"apr\u00e8s le TDOR 2015: Tords le cou \u00e0 ton genre ! Avec King&#039;s Queer et Sheerday - Photos: Irina Popa\" \/><\/a>\n\t\t\t<\/div><\/figure><figure class='gallery-item'>\n\t\t\t<div class='gallery-icon portrait'>\n\t\t\t\t<a href='https:\/\/association360.ch\/trans\/photos-manif-tdor-2015-soiree-tords-le-cou-a-ton-genre\/dsc_0559\/'><img loading=\"lazy\" decoding=\"async\" width=\"150\" height=\"150\" src=\"https:\/\/association360.ch\/trans\/wp-content\/uploads\/sites\/4\/2015\/11\/DSC_0559-150x150.jpg\" class=\"attachment-thumbnail size-thumbnail\" alt=\"apr\u00e8s le TDOR 2015: Tords le cou \u00e0 ton genre ! Avec King&#039;s Queer et Sheerday - Photos: Irina Popa\" \/><\/a>\n\t\t\t<\/div><\/figure><figure class='gallery-item'>\n\t\t\t<div class='gallery-icon landscape'>\n\t\t\t\t<a href='https:\/\/association360.ch\/trans\/photos-manif-tdor-2015-soiree-tords-le-cou-a-ton-genre\/dsc_0566\/'><img loading=\"lazy\" decoding=\"async\" width=\"150\" height=\"150\" src=\"https:\/\/association360.ch\/trans\/wp-content\/uploads\/sites\/4\/2015\/11\/DSC_0566-150x150.jpg\" class=\"attachment-thumbnail size-thumbnail\" alt=\"apr\u00e8s le TDOR 2015: Tords le cou \u00e0 ton genre ! Avec King&#039;s Queer et Sheerday - Photos: Irina Popa\" \/><\/a>\n\t\t\t<\/div><\/figure><figure class='gallery-item'>\n\t\t\t<div class='gallery-icon landscape'>\n\t\t\t\t<a href='https:\/\/association360.ch\/trans\/photos-manif-tdor-2015-soiree-tords-le-cou-a-ton-genre\/dsc_0570\/'><img loading=\"lazy\" decoding=\"async\" width=\"150\" height=\"150\" src=\"https:\/\/association360.ch\/trans\/wp-content\/uploads\/sites\/4\/2015\/11\/DSC_0570-150x150.jpg\" class=\"attachment-thumbnail size-thumbnail\" alt=\"apr\u00e8s le TDOR 2015: Tords le cou \u00e0 ton genre ! Avec King&#039;s Queer et Sheerday - Photos: Irina Popa\" \/><\/a>\n\t\t\t<\/div><\/figure><figure class='gallery-item'>\n\t\t\t<div class='gallery-icon landscape'>\n\t\t\t\t<a href='https:\/\/association360.ch\/trans\/photos-manif-tdor-2015-soiree-tords-le-cou-a-ton-genre\/dsc_0572\/'><img loading=\"lazy\" decoding=\"async\" width=\"150\" height=\"150\" src=\"https:\/\/association360.ch\/trans\/wp-content\/uploads\/sites\/4\/2015\/11\/DSC_0572-150x150.jpg\" class=\"attachment-thumbnail size-thumbnail\" alt=\"apr\u00e8s le TDOR 2015: Tords le cou \u00e0 ton genre ! Avec King&#039;s Queer et Sheerday - Photos: Irina Popa\" \/><\/a>\n\t\t\t<\/div><\/figure><figure class='gallery-item'>\n\t\t\t<div class='gallery-icon landscape'>\n\t\t\t\t<a href='https:\/\/association360.ch\/trans\/photos-manif-tdor-2015-soiree-tords-le-cou-a-ton-genre\/dsc_0577\/'><img loading=\"lazy\" decoding=\"async\" width=\"150\" height=\"150\" src=\"https:\/\/association360.ch\/trans\/wp-content\/uploads\/sites\/4\/2015\/11\/DSC_0577-150x150.jpg\" class=\"attachment-thumbnail size-thumbnail\" alt=\"apr\u00e8s le TDOR 2015: Tords le cou \u00e0 ton genre ! Avec King&#039;s Queer et Sheerday - Photos: Irina Popa\" \/><\/a>\n\t\t\t<\/div><\/figure><figure class='gallery-item'>\n\t\t\t<div class='gallery-icon landscape'>\n\t\t\t\t<a href='https:\/\/association360.ch\/trans\/photos-manif-tdor-2015-soiree-tords-le-cou-a-ton-genre\/dsc_0578\/'><img loading=\"lazy\" decoding=\"async\" width=\"150\" height=\"150\" src=\"https:\/\/association360.ch\/trans\/wp-content\/uploads\/sites\/4\/2015\/11\/DSC_0578-150x150.jpg\" class=\"attachment-thumbnail size-thumbnail\" alt=\"apr\u00e8s le TDOR 2015: Tords le cou \u00e0 ton genre ! Avec King&#039;s Queer et Sheerday - Photos: Irina Popa\" \/><\/a>\n\t\t\t<\/div><\/figure><figure class='gallery-item'>\n\t\t\t<div class='gallery-icon landscape'>\n\t\t\t\t<a href='https:\/\/association360.ch\/trans\/photos-manif-tdor-2015-soiree-tords-le-cou-a-ton-genre\/dsc_0580\/'><img loading=\"lazy\" decoding=\"async\" width=\"150\" height=\"150\" src=\"https:\/\/association360.ch\/trans\/wp-content\/uploads\/sites\/4\/2015\/11\/DSC_0580-150x150.jpg\" class=\"attachment-thumbnail size-thumbnail\" alt=\"apr\u00e8s le TDOR 2015: Tords le cou \u00e0 ton genre ! Avec King&#039;s Queer et Sheerday - Photos: Irina Popa\" \/><\/a>\n\t\t\t<\/div><\/figure><figure class='gallery-item'>\n\t\t\t<div class='gallery-icon landscape'>\n\t\t\t\t<a href='https:\/\/association360.ch\/trans\/photos-manif-tdor-2015-soiree-tords-le-cou-a-ton-genre\/dsc_0584\/'><img loading=\"lazy\" decoding=\"async\" width=\"150\" height=\"150\" src=\"https:\/\/association360.ch\/trans\/wp-content\/uploads\/sites\/4\/2015\/11\/DSC_0584-150x150.jpg\" class=\"attachment-thumbnail size-thumbnail\" alt=\"apr\u00e8s le TDOR 2015: Tords le cou \u00e0 ton genre ! Avec King&#039;s Queer et Sheerday - Photos: Irina Popa\" \/><\/a>\n\t\t\t<\/div><\/figure><figure class='gallery-item'>\n\t\t\t<div class='gallery-icon landscape'>\n\t\t\t\t<a href='https:\/\/association360.ch\/trans\/photos-manif-tdor-2015-soiree-tords-le-cou-a-ton-genre\/dsc_0591\/'><img loading=\"lazy\" decoding=\"async\" width=\"150\" height=\"150\" src=\"https:\/\/association360.ch\/trans\/wp-content\/uploads\/sites\/4\/2015\/11\/DSC_0591-150x150.jpg\" class=\"attachment-thumbnail size-thumbnail\" alt=\"apr\u00e8s le TDOR 2015: Tords le cou \u00e0 ton genre ! Avec King&#039;s Queer et Sheerday - Photos: Irina Popa\" \/><\/a>\n\t\t\t<\/div><\/figure><figure class='gallery-item'>\n\t\t\t<div class='gallery-icon landscape'>\n\t\t\t\t<a href='https:\/\/association360.ch\/trans\/photos-manif-tdor-2015-soiree-tords-le-cou-a-ton-genre\/dsc_0623\/'><img loading=\"lazy\" decoding=\"async\" width=\"150\" height=\"150\" src=\"https:\/\/association360.ch\/trans\/wp-content\/uploads\/sites\/4\/2015\/11\/DSC_0623-150x150.jpg\" class=\"attachment-thumbnail size-thumbnail\" alt=\"apr\u00e8s le TDOR 2015: Tords le cou \u00e0 ton genre ! Avec King&#039;s Queer et Sheerday - Photos: Irina Popa\" \/><\/a>\n\t\t\t<\/div><\/figure><figure class='gallery-item'>\n\t\t\t<div class='gallery-icon landscape'>\n\t\t\t\t<a href='https:\/\/association360.ch\/trans\/photos-manif-tdor-2015-soiree-tords-le-cou-a-ton-genre\/dsc_0625\/'><img loading=\"lazy\" decoding=\"async\" width=\"150\" height=\"150\" src=\"https:\/\/association360.ch\/trans\/wp-content\/uploads\/sites\/4\/2015\/11\/DSC_0625-150x150.jpg\" class=\"attachment-thumbnail size-thumbnail\" alt=\"apr\u00e8s le TDOR 2015: Tords le cou \u00e0 ton genre ! Avec King&#039;s Queer et Sheerday - Photos: Irina Popa\" \/><\/a>\n\t\t\t<\/div><\/figure><figure class='gallery-item'>\n\t\t\t<div class='gallery-icon landscape'>\n\t\t\t\t<a href='https:\/\/association360.ch\/trans\/photos-manif-tdor-2015-soiree-tords-le-cou-a-ton-genre\/dsc_0631\/'><img loading=\"lazy\" decoding=\"async\" width=\"150\" height=\"150\" src=\"https:\/\/association360.ch\/trans\/wp-content\/uploads\/sites\/4\/2015\/11\/DSC_0631-150x150.jpg\" class=\"attachment-thumbnail size-thumbnail\" alt=\"apr\u00e8s le TDOR 2015: Tords le cou \u00e0 ton genre ! Avec King&#039;s Queer et Sheerday - Photos: Irina Popa\" \/><\/a>\n\t\t\t<\/div><\/figure><figure class='gallery-item'>\n\t\t\t<div class='gallery-icon landscape'>\n\t\t\t\t<a href='https:\/\/association360.ch\/trans\/photos-manif-tdor-2015-soiree-tords-le-cou-a-ton-genre\/dsc_0640\/'><img loading=\"lazy\" decoding=\"async\" width=\"150\" height=\"150\" src=\"https:\/\/association360.ch\/trans\/wp-content\/uploads\/sites\/4\/2015\/11\/DSC_0640-150x150.jpg\" class=\"attachment-thumbnail size-thumbnail\" alt=\"apr\u00e8s le TDOR 2015: Tords le cou \u00e0 ton genre ! Avec King&#039;s Queer et Sheerday - Photos: Irina Popa\" \/><\/a>\n\t\t\t<\/div><\/figure><figure class='gallery-item'>\n\t\t\t<div class='gallery-icon landscape'>\n\t\t\t\t<a href='https:\/\/association360.ch\/trans\/photos-manif-tdor-2015-soiree-tords-le-cou-a-ton-genre\/dsc_0644\/'><img loading=\"lazy\" decoding=\"async\" width=\"150\" height=\"150\" src=\"https:\/\/association360.ch\/trans\/wp-content\/uploads\/sites\/4\/2015\/11\/DSC_0644-150x150.jpg\" class=\"attachment-thumbnail size-thumbnail\" alt=\"apr\u00e8s le TDOR 2015: Tords le cou \u00e0 ton genre ! Avec King&#039;s Queer et Sheerday - Photos: Irina Popa\" \/><\/a>\n\t\t\t<\/div><\/figure><figure class='gallery-item'>\n\t\t\t<div class='gallery-icon landscape'>\n\t\t\t\t<a href='https:\/\/association360.ch\/trans\/photos-manif-tdor-2015-soiree-tords-le-cou-a-ton-genre\/dsc_0646\/'><img loading=\"lazy\" decoding=\"async\" width=\"150\" height=\"150\" src=\"https:\/\/association360.ch\/trans\/wp-content\/uploads\/sites\/4\/2015\/11\/DSC_0646-150x150.jpg\" class=\"attachment-thumbnail size-thumbnail\" alt=\"apr\u00e8s le TDOR 2015: Tords le cou \u00e0 ton genre ! Avec King&#039;s Queer et Sheerday - Photos: Irina Popa\" \/><\/a>\n\t\t\t<\/div><\/figure><figure class='gallery-item'>\n\t\t\t<div class='gallery-icon landscape'>\n\t\t\t\t<a href='https:\/\/association360.ch\/trans\/photos-manif-tdor-2015-soiree-tords-le-cou-a-ton-genre\/dsc_0664\/'><img loading=\"lazy\" decoding=\"async\" width=\"150\" height=\"150\" src=\"https:\/\/association360.ch\/trans\/wp-content\/uploads\/sites\/4\/2015\/11\/DSC_0664-150x150.jpg\" class=\"attachment-thumbnail size-thumbnail\" alt=\"apr\u00e8s le TDOR 2015: Tords le cou \u00e0 ton genre ! Avec King&#039;s Queer et Sheerday - Photos: Irina Popa\" \/><\/a>\n\t\t\t<\/div><\/figure><figure class='gallery-item'>\n\t\t\t<div class='gallery-icon landscape'>\n\t\t\t\t<a href='https:\/\/association360.ch\/trans\/photos-manif-tdor-2015-soiree-tords-le-cou-a-ton-genre\/dsc_0669\/'><img loading=\"lazy\" decoding=\"async\" width=\"150\" height=\"150\" src=\"https:\/\/association360.ch\/trans\/wp-content\/uploads\/sites\/4\/2015\/11\/DSC_0669-150x150.jpg\" class=\"attachment-thumbnail size-thumbnail\" alt=\"apr\u00e8s le TDOR 2015: Tords le cou \u00e0 ton genre ! Avec King&#039;s Queer et Sheerday - Photos: Irina Popa\" \/><\/a>\n\t\t\t<\/div><\/figure><figure class='gallery-item'>\n\t\t\t<div class='gallery-icon landscape'>\n\t\t\t\t<a href='https:\/\/association360.ch\/trans\/photos-manif-tdor-2015-soiree-tords-le-cou-a-ton-genre\/dsc_0673\/'><img loading=\"lazy\" decoding=\"async\" width=\"150\" height=\"150\" src=\"https:\/\/association360.ch\/trans\/wp-content\/uploads\/sites\/4\/2015\/11\/DSC_0673-150x150.jpg\" class=\"attachment-thumbnail size-thumbnail\" alt=\"apr\u00e8s le TDOR 2015: Tords le cou \u00e0 ton genre ! Avec King&#039;s Queer et Sheerday - Photos: Irina Popa\" \/><\/a>\n\t\t\t<\/div><\/figure><figure class='gallery-item'>\n\t\t\t<div class='gallery-icon portrait'>\n\t\t\t\t<a href='https:\/\/association360.ch\/trans\/photos-manif-tdor-2015-soiree-tords-le-cou-a-ton-genre\/dsc_0676\/'><img loading=\"lazy\" decoding=\"async\" width=\"150\" height=\"150\" src=\"https:\/\/association360.ch\/trans\/wp-content\/uploads\/sites\/4\/2015\/11\/DSC_0676-150x150.jpg\" class=\"attachment-thumbnail size-thumbnail\" alt=\"apr\u00e8s le TDOR 2015: Tords le cou \u00e0 ton genre ! Avec King&#039;s Queer et Sheerday - Photos: Irina Popa\" \/><\/a>\n\t\t\t<\/div><\/figure><figure class='gallery-item'>\n\t\t\t<div class='gallery-icon landscape'>\n\t\t\t\t<a href='https:\/\/association360.ch\/trans\/photos-manif-tdor-2015-soiree-tords-le-cou-a-ton-genre\/dsc_0677\/'><img loading=\"lazy\" decoding=\"async\" width=\"150\" height=\"150\" src=\"https:\/\/association360.ch\/trans\/wp-content\/uploads\/sites\/4\/2015\/11\/DSC_0677-150x150.jpg\" class=\"attachment-thumbnail size-thumbnail\" alt=\"\" \/><\/a>\n\t\t\t<\/div><\/figure>\n\t\t<\/div>\n\n","protected":false},"excerpt":{"rendered":"<p>En ce jour de comm\u00e9moration des victimes de meurtres transphobes, vous avez \u00e9t\u00e9 nombreuses et nombreux \u00e0 venir nous soutenir, malgr\u00e9 la pluie, le vent et le froid! Nous sommes fi\u00e8rEs d&rsquo;avoir partag\u00e9 ce moment de recueillement, de solidarit\u00e9 et de lutte face aux violences cissexistes! Nous avons ensuite \u00e9t\u00e9 partager un moment de convivialit\u00e9 [&hellip;]<\/p>\n","protected":false},"author":324,"featured_media":2263,"comment_status":"open","ping_status":"closed","sticky":false,"template":"","format":"standard","meta":{"_genesis_hide_title":false,"_genesis_hide_breadcrumbs":false,"_genesis_hide_singular_image":false,"_genesis_hide_footer_widgets":false,"_genesis_custom_body_class":"","_genesis_custom_post_class":"","_genesis_layout":"","footnotes":""},"categories":[5,1],"tags":[1774,1772,1757,1766,1765],"class_list":{"0":"post-2247","1":"post","2":"type-post","3":"status-publish","4":"format-standard","5":"has-post-thumbnail","7":"category-manifestation","8":"category-news","9":"tag-activisme","10":"tag-droits-humains","11":"tag-manifestation","12":"tag-soiree","13":"tag-transfeminisme","14":"entry"},"featured_image_src":"https:\/\/association360.ch\/trans\/wp-content\/uploads\/sites\/4\/2015\/11\/DSC_0067.jpg","featured_image_src_square":"https:\/\/association360.ch\/trans\/wp-content\/uploads\/sites\/4\/2015\/11\/DSC_0067.jpg","author_info":{"display_name":"Chatty","author_link":"https:\/\/association360.ch\/trans\/author\/chatty\/"},"jetpack_featured_media_url":"https:\/\/association360.ch\/trans\/wp-content\/uploads\/sites\/4\/2015\/11\/DSC_0067.jpg","_links":{"self":[{"href":"https:\/\/association360.ch\/trans\/wp-json\/wp\/v2\/posts\/2247","targetHints":{"allow":["GET"]}}],"collection":[{"href":"https:\/\/association360.ch\/trans\/wp-json\/wp\/v2\/posts"}],"about":[{"href":"https:\/\/association360.ch\/trans\/wp-json\/wp\/v2\/types\/post"}],"author":[{"embeddable":true,"href":"https:\/\/association360.ch\/trans\/wp-json\/wp\/v2\/users\/324"}],"replies":[{"embeddable":true,"href":"https:\/\/association360.ch\/trans\/wp-json\/wp\/v2\/comments?post=2247"}],"version-history":[{"count":10,"href":"https:\/\/association360.ch\/trans\/wp-json\/wp\/v2\/posts\/2247\/revisions"}],"predecessor-version":[{"id":2399,"href":"https:\/\/association360.ch\/trans\/wp-json\/wp\/v2\/posts\/2247\/revisions\/2399"}],"wp:featuredmedia":[{"embeddable":true,"href":"https:\/\/association360.ch\/trans\/wp-json\/wp\/v2\/media\/2263"}],"wp:attachment":[{"href":"https:\/\/association360.ch\/trans\/wp-json\/wp\/v2\/media?parent=2247"}],"wp:term":[{"taxonomy":"category","embeddable":true,"href":"https:\/\/association360.ch\/trans\/wp-json\/wp\/v2\/categories?post=2247"},{"taxonomy":"post_tag","embeddable":true,"href":"https:\/\/association360.ch\/trans\/wp-json\/wp\/v2\/tags?post=2247"}],"curies":[{"name":"wp","href":"https:\/\/api.w.org\/{rel}","templated":true}]}}