{"id":2846,"date":"2017-07-06T19:26:06","date_gmt":"2017-07-06T18:26:06","guid":{"rendered":"http:\/\/association360.ch\/trans\/?p=2846"},"modified":"2017-12-04T11:08:37","modified_gmt":"2017-12-04T10:08:37","slug":"droits-des-personnes-transgenres-les-associations-reagissent","status":"publish","type":"post","link":"https:\/\/association360.ch\/trans\/droits-des-personnes-transgenres-les-associations-reagissent\/","title":{"rendered":"Droits des personnes transgenres : les associations r\u00e9agissent"},"content":{"rendered":"<p>Le 8 juin 2017, suite \u00e0 une <a href=\"https:\/\/www.parlament.ch\/fr\/ratsbetrieb\/suche-curia-vista\/geschaeft?AffairId=20173032\" target=\"_blank\">interpellation de la Conseill\u00e8re aux \u00c9tats Liliane Maury-Pasquier<\/a>, le <a href=\"http:\/\/association360.ch\/trans\/transgenres%E2%80%89-bientot-une-procedure-facilitee-pour-le-changement-de-genre-et-de-prenom\/\" target=\"_blank\">Conseil des \u00c9tats d\u00e9battait du respect des droits des personnes transgenres<\/a> en Suisse.<\/p>\n<p>Cette interpellation \u00e9tait motiv\u00e9e par le fait que la Suisse est en retard, en comparaison internationale, que cela soit au niveau des proc\u00e9dures de changement de genre et de pr\u00e9nom, d\u2019acc\u00e8s aux soins via l\u2019assurance maladie de base, ou encore de protection contre les discriminations.<\/p>\n<p>En ce qui concerne l\u2019acc\u00e8s aux soins, la r\u00e9ponse du Conseil f\u00e9d\u00e9ral, par la voix de Simonetta Sommaruga, est en r\u00e9elle contradiction avec la r\u00e9alit\u00e9 v\u00e9cue par les associations actives dans le soutien et l\u2019accompagnement aux personnes transgenres.<\/p>\n<p><a href=\"http:\/\/association360.ch\/contact\/\">L\u2019Association 360<\/a> et <a href=\"http:\/\/www.dialogai.org\/refuge-geneve\/\" target=\"_blank\">Le Refuge<\/a> \u00e0 Gen\u00e8ve, <a href=\"https:\/\/www.profa.ch\/fr\/index.php\" target=\"_blank\">Profa<\/a> dans le canton de Vaud, ont d\u00e9cid\u00e9 de r\u00e9agir en faisant part \u00e0 Mme Sommaruga de leurs plus r\u00e9centes exp\u00e9riences. Elles ont co-sign\u00e9 une lettre d\u00e9non\u00e7ant l\u2019attitude r\u00e9elle des caisses maladie, lettre dont le texte int\u00e9gral <a href=\"http:\/\/association360.ch\/trans\/wp-content\/uploads\/sites\/4\/2017\/07\/20170706_Lettre-Sommaruga-vf.pdf\" target=\"_blank\">est accessible ici.<\/a><\/p>\n<p>Quant \u00e0 la proc\u00e9dure simplifi\u00e9e de changement de genre, ainsi que les mesures visant \u00e0 la protection des personnes transgenres contre les discriminations, les associations resteront attentives \u00e0 ce que de r\u00e9els progr\u00e8s soient enfin r\u00e9alis\u00e9s.<\/p>\n<p>En ce d\u00e9but de mois de d\u00e9cembre, il faut regretter que l&rsquo;annonce de la mise en consultation au second semestre 2017 d&rsquo;une proc\u00e9dure simplifi\u00e9e de changement de genre, faite par Mme Sommaruga le 8 juin, \u00e9tait inexacte puisque rien n&rsquo;a \u00e9t\u00e9 fait dans ce sens. Le DFJP parle maintenant du premier semestre 2018.<\/p>\n<p><em>Lynn<\/em><\/p>\n","protected":false},"excerpt":{"rendered":"<p>Le 8 juin 2017, suite \u00e0 une interpellation de la Conseill\u00e8re aux \u00c9tats Liliane Maury-Pasquier, le Conseil des \u00c9tats d\u00e9battait du respect des droits des personnes transgenres en Suisse. Cette interpellation \u00e9tait motiv\u00e9e par le fait que la Suisse est en retard, en comparaison internationale, que cela soit au niveau des proc\u00e9dures de changement de [&hellip;]<\/p>\n","protected":false},"author":324,"featured_media":2847,"comment_status":"open","ping_status":"closed","sticky":false,"template":"","format":"standard","meta":{"_genesis_hide_title":false,"_genesis_hide_breadcrumbs":false,"_genesis_hide_singular_image":false,"_genesis_hide_footer_widgets":false,"_genesis_custom_body_class":"","_genesis_custom_post_class":"","_genesis_layout":"","footnotes":""},"categories":[11,1,39],"tags":[],"class_list":{"0":"post-2846","1":"post","2":"type-post","3":"status-publish","4":"format-standard","5":"has-post-thumbnail","7":"category-juridique","8":"category-news","9":"category-activisme","10":"entry"},"featured_image_src":"https:\/\/association360.ch\/trans\/wp-content\/uploads\/sites\/4\/2017\/07\/Federalpalace-dome.jpg","featured_image_src_square":"https:\/\/association360.ch\/trans\/wp-content\/uploads\/sites\/4\/2017\/07\/Federalpalace-dome.jpg","author_info":{"display_name":"Chatty","author_link":"https:\/\/association360.ch\/trans\/author\/chatty\/"},"jetpack_featured_media_url":"https:\/\/association360.ch\/trans\/wp-content\/uploads\/sites\/4\/2017\/07\/Federalpalace-dome.jpg","_links":{"self":[{"href":"https:\/\/association360.ch\/trans\/wp-json\/wp\/v2\/posts\/2846","targetHints":{"allow":["GET"]}}],"collection":[{"href":"https:\/\/association360.ch\/trans\/wp-json\/wp\/v2\/posts"}],"about":[{"href":"https:\/\/association360.ch\/trans\/wp-json\/wp\/v2\/types\/post"}],"author":[{"embeddable":true,"href":"https:\/\/association360.ch\/trans\/wp-json\/wp\/v2\/users\/324"}],"replies":[{"embeddable":true,"href":"https:\/\/association360.ch\/trans\/wp-json\/wp\/v2\/comments?post=2846"}],"version-history":[{"count":6,"href":"https:\/\/association360.ch\/trans\/wp-json\/wp\/v2\/posts\/2846\/revisions"}],"predecessor-version":[{"id":2899,"href":"https:\/\/association360.ch\/trans\/wp-json\/wp\/v2\/posts\/2846\/revisions\/2899"}],"wp:featuredmedia":[{"embeddable":true,"href":"https:\/\/association360.ch\/trans\/wp-json\/wp\/v2\/media\/2847"}],"wp:attachment":[{"href":"https:\/\/association360.ch\/trans\/wp-json\/wp\/v2\/media?parent=2846"}],"wp:term":[{"taxonomy":"category","embeddable":true,"href":"https:\/\/association360.ch\/trans\/wp-json\/wp\/v2\/categories?post=2846"},{"taxonomy":"post_tag","embeddable":true,"href":"https:\/\/association360.ch\/trans\/wp-json\/wp\/v2\/tags?post=2846"}],"curies":[{"name":"wp","href":"https:\/\/api.w.org\/{rel}","templated":true}]}}