{"id":3380,"date":"2020-08-04T14:24:31","date_gmt":"2020-08-04T13:24:31","guid":{"rendered":"https:\/\/association360.ch\/trans\/?p=3380"},"modified":"2020-08-04T14:24:32","modified_gmt":"2020-08-04T13:24:32","slug":"petit-dico-de-francais-neutre-inclusif-version-2016-archive","status":"publish","type":"post","link":"https:\/\/association360.ch\/trans\/petit-dico-de-francais-neutre-inclusif-version-2016-archive\/","title":{"rendered":"Petit dico de fran\u00e7ais neutre\/inclusif \u2013 version 2016 \u2013 archive"},"content":{"rendered":"\n<p>Article publi\u00e9 par la \u00ab\u00a0La vie en queer\u00a0\u00bb en 2016 et puis 2018 <\/p>\n\n\n\n<p>Pour garder une trace des propositions qui avaient \u00e9t\u00e9 faites, je copie\/colle l\u2019article datant de 2016 ! Consultez aussi une version mise \u00e0 jour en 2018 :\u00a0<a href=\"https:\/\/lavieenqueer.wordpress.com\/2018\/07\/26\/petit-dico-de-francais-neutre-inclusif\/\">https:\/\/lavieenqueer.wordpress.com\/2018\/07\/26\/petit-dico-de-francais-neutre-inclusif\/<\/a><\/p>\n\n\n\n<p>\u2014\u2014\u2013<\/p>\n\n\n\n<p><em>Note&nbsp;: certaines id\u00e9es sont les miennes, d\u2019autres non. Beaucoup de r\u00e9flexions ont notamment \u00e9t\u00e9 men\u00e9es avec l\u2019autrim* de&nbsp;<a href=\"http:\/\/office.id.st\/\">ce blog<\/a>. *neutre d\u2019auteur\/autrice utilis\u00e9 par la personne concern\u00e9e<\/em><\/p>\n\n\n\n<p><em>Je ne fais que des propositions, que vous \u00eates libres d\u2019utiliser, sachant qu\u2019il existe aussi probablement d\u2019autres alternatives. A terme, c\u2019est l\u2019usage qui consacrera.<\/em><\/p>\n\n\n\n<p><strong>1.&nbsp;&nbsp;&nbsp;&nbsp;<\/strong><strong>La diff\u00e9rence entre le neutre grammatical et l\u2019inclusif<\/strong><\/p>\n\n\n\n<p>\u00b7&nbsp;&nbsp;&nbsp;&nbsp;&nbsp;&nbsp;Le neutre grammatical&nbsp;sert \u00e0 d\u00e9signer une personne non-binaire, ce genre est exclusif aux personnes non-binaires.<\/p>\n\n\n\n<p>\u00b7&nbsp;&nbsp;&nbsp;&nbsp;&nbsp;&nbsp;L\u2019inclusif&nbsp;est une forme non-genr\u00e9e qui permet de d\u00e9signer une ou des personne(s) de genre(s) inconnu(s), un groupe de personnes de genres diff\u00e9rents (la dominance du masculin prend ainsi fin), ou une personne non-binaire qui souhaite utiliser l\u2019inclusif (pour ne pas se genrer, parce qu\u2019elle a plusieurs genres, etc.)<\/p>\n\n\n\n<p><em>Attention&nbsp;: le neutre grammatical n\u2019est pas la m\u00eame chose que le genre neutre ou neutrois. On peut par exemple \u00eatre agenre, maverique, demi-gar\u00e7on, demi-fille, bigenre, genre-fluide, etc. et utiliser le neutre grammatical pour se d\u00e9signer.<\/em><\/p>\n\n\n\n<p><strong>Il est important de faire une distinction entre neutre et inclusif&nbsp;<\/strong>(en r\u00e8gle g\u00e9n\u00e9rale, si quelques mots se confondent au neutre et \u00e0 l\u2019inclusif, comme \u00ab&nbsp;heureuxe&nbsp;\u00bb par exemple, \u00e7a ne fait rien). Ainsi, dans&nbsp;<a href=\"http:\/\/uniqueensongenre.eklablog.fr\/l-importance-du-mot-fim-a125700410\">cet article<\/a>, je soulignais l\u2019importance du mot fim. En effet, le neutre est une fa\u00e7on de se r\u00e9approprier le genre grammatical en se genrant, cela donne de l\u2019existence et du pouvoir. Au contraire, certaines personnes trouveront du pouvoir dans le fait de ne pas se genrer, et l\u2019inclusif est aussi utile pour mettre fin \u00e0 la dominance du masculin et genrer quelqu\u2019un dont on ne conna\u00eet pas le genre.<\/p>\n\n\n\n<p><strong>2.&nbsp;&nbsp;&nbsp;&nbsp;<\/strong><strong>Quelques r\u00e8gles&nbsp;pour commencer<\/strong><\/p>\n\n\n\n<p>\u00b7&nbsp;&nbsp;&nbsp;&nbsp;&nbsp;&nbsp;<strong>En r\u00e8gle g\u00e9n\u00e9rale, le&nbsp;s&nbsp;ou le&nbsp;m&nbsp;marqueront le neutre<\/strong>&nbsp;(ce sont des choix principalement phon\u00e9tiques pour le s, et le m rappelait la terminaison \u00ab&nbsp;um&nbsp;\u00bb du latin ; en effet, j\u2019ai d\u00e9j\u00e0 vu des mots comme \u00ab&nbsp;amourum&nbsp;\u00bb).<\/p>\n\n\n\n<p><em>Note : Je suis pour la simplification orthographique. Ainsi pour&nbsp;<\/em><em>\u00ab&nbsp;content \/ contente \u00bb, le neutre sera<\/em><em>&nbsp;\u00ab&nbsp;contens&nbsp;\u00bb et se lira \u00ab&nbsp;contensse&nbsp;\u00bb (on pourra cependant \u00e9crire&nbsp;<\/em><em>\u00ab&nbsp;<\/em><em>confusse&nbsp;<\/em><em>\u00bb<\/em><em>&nbsp;pour ne pas&nbsp;confondre avec le masculin&nbsp;<\/em><em>\u00ab&nbsp;<\/em><em>confus&nbsp;<\/em><em>\u00bb<\/em><em>&nbsp;dans ce cas pr\u00e9cis). En outre, \u00ab&nbsp;sse&nbsp;\u00bb est d\u00e9j\u00e0 une terminaison connot\u00e9e f\u00e9minin, donc autant changer l\u2019orthographe. Au pluriel, contens est donc invariable (\u00ab&nbsp;illes sont contens&nbsp;\u00bb). Le \u00ab&nbsp;sont&nbsp;\u00bb marque d\u00e9j\u00e0 le pluriel, et de toute mani\u00e8re le \u00ab&nbsp;s&nbsp;\u00bb du pluriel est toujours muet&nbsp;! (On pourrait tr\u00e8s bien \u00e9crire \u00ab&nbsp;les chat&nbsp;\u00bb sans probl\u00e8me de sens puis que \u00ab&nbsp;les&nbsp;\u00bb marque d\u00e9j\u00e0 le pluriel et le \u00ab&nbsp;s&nbsp;\u00bb serait muet).<\/em><\/p>\n\n\n\n<p>\u00b7&nbsp;&nbsp;&nbsp;&nbsp;&nbsp;&nbsp;<strong>L\u2019inclusif se forme habituellement avec&nbsp;un tiret, un point (.), un point sp\u00e9cial (\u2022), une apostrophe&nbsp;entre le masculin et le f\u00e9minin ou bien avec le&nbsp;E du f\u00e9minin en majuscule<\/strong>&nbsp;(content-e, content.e, content\u2022e, content\u2019e, contentE). Le d\u00e9savantage de ces formes est qu\u2019elles fonctionnent bien \u00e0 l\u2019\u00e9crit mais c\u2019est plus compliqu\u00e9 \u00e0 l\u2019oral. De plus, \u00e0 titre personnel, je n\u2019aime pas non plus l\u2019id\u00e9e d\u2019\u00eatre \u00ab&nbsp;des bouts de mots&nbsp;\u00bb avec des tirets\/points\/apostrophes et souhaite donc l\u2019existence de mots \u00e0 part enti\u00e8re mais \u00e7a n\u2019engage que moi \u00e9videmment (et plusieurs formes peuvent coexister).<\/p>\n\n\n\n<p><em>Note : Pour toutes ces raisons, je vais proposer un inclusif alternatif \u00e0 ces formes dans les paragraphes qui suivent.<\/em><\/p>\n\n\n\n<p><strong>Quand c\u2019est possible, on peut \u00e9galement utiliser des&nbsp;contractions du f\u00e9minin et du masculin<\/strong>(brefve, heureuxse)&nbsp;<strong>ou des&nbsp;mots valises<\/strong>&nbsp;(nouveau\/nouvelle devient nouvelleau), ces derniers \u00e9tant plut\u00f4t&nbsp;facile d\u2019utilisation notamment \u00e0 l\u2019oral.<\/p>\n\n\n\n<p><em>Note : Ces mots valises sont assez faciles d\u2019usage et sonnent bien, mais le probl\u00e8me est qu\u2019ils viennent d\u2019un assemblage du f\u00e9minin et du masculin, alors que l\u2019inclusif est cens\u00e9 inclure tous les genres grammaticaux (donc le neutre aussi). Ainsi, ces mots ne vont pas dans le sens souhait\u00e9. Je ne vois pas d\u2019inconv\u00e9nients \u00e0 ce qu\u2019ils soient utilis\u00e9s bien s\u00fbr (et c\u2019est \u00e9videmment l\u2019usage qui va consacrer) mais c\u2019est pour cela que je propose aussi une forme alternative. (D\u2019ailleurs, iel est aussi une contraction du f\u00e9minin et du masculin et c\u2019est quand m\u00eame le pronom&nbsp;qui va \u00eatre conserv\u00e9 en inclusif je pense, donc les mots valises ne sont pas non plus forc\u00e9ment \u00e0 \u00e9carter comme je disais.)<\/em><\/p>\n\n\n\n<p>\u00b7&nbsp;&nbsp;&nbsp;&nbsp;&nbsp;&nbsp;<strong>En r\u00e8gle g\u00e9n\u00e9rale, pour la forme alternative de l\u2019inclusif que je vais donc proposer, le&nbsp;x&nbsp;marquera la terminaison<\/strong>&nbsp;(il se trouve que la contraction de heureux et heureuse donnait justement heureuxe, donc autant garder la m\u00eame lettre&nbsp;; de plus le x se place bien en fin de mots, il est parfois consid\u00e9r\u00e9 comme une marque de l\u2019inconnu, et est d\u00e9j\u00e0 utilis\u00e9 comme inclusif en espagnol :p)<\/p>\n\n\n\n<p>\u00b7&nbsp;&nbsp;&nbsp;&nbsp;&nbsp;&nbsp;<strong>\u00ab&nbsp;La r\u00e8gle de la racine&nbsp;\u00bb<\/strong>&nbsp;: la particularit\u00e9 de l\u2019inclusif, c\u2019est que c\u2019est une forme non-genr\u00e9e. Donc je me suis dit qu\u2019il serait logique de prendre la racine du mot et de retirer la terminaison genr\u00e9e pour obtenir un inclusif. Ca ne marche pas dans tous les cas \u00e9videmment, mais \u00e7a peut fournir de bons tuyaux pour un paquet de mots ! Donc par exemple, on a&nbsp;\u00ab&nbsp;jardinier \/ jardini\u00e8re&nbsp;\u00bb qui devient \u00ab&nbsp;jardini&nbsp;\u00bb. \u00ab&nbsp;Joueur \/ joueuse&nbsp;\u00bb qui devient \u00ab&nbsp;joueu&nbsp;\u00bb (pour \u00eatre plus exact, la racine est plut\u00f4t \u00ab&nbsp;jou&nbsp;\u00bb avec les suffixes \u00ab&nbsp;eur\/euse&nbsp;\u00bb et le suffixe de l\u2019inclusif devient donc \u00ab&nbsp;eu&nbsp;\u00bb). Etc.<\/p>\n\n\n\n<p><strong>3.&nbsp;&nbsp;&nbsp;&nbsp;<\/strong><strong>Entrons dans le vif du sujet<\/strong><\/p>\n\n\n\n<p>\u00b7&nbsp;&nbsp;&nbsp;&nbsp;&nbsp;&nbsp;Mot \u00e9pic\u00e8nes&nbsp;: ce sont des mots qui sont identiques \u00e0 tous les genres grammaticaux. Par exemple, le mot \u00ab&nbsp;journaliste&nbsp;\u00bb est le m\u00eame au masculin et au f\u00e9minin. Il est donc logique qu\u2019il soit \u00e9galement identique au neutre et \u00e0 l\u2019inclusif. On garde donc \u00ab&nbsp;journaliste&nbsp;\u00bb dans tous les cas.<\/p>\n\n\n\n<p>\u00b7&nbsp;&nbsp;&nbsp;&nbsp;&nbsp;&nbsp;Mots \u00e9pic\u00e8nes \u00e0 l\u2019oral ayant une variation orthographique&nbsp;: par exemple, \u00ab&nbsp;ami \/ amie&nbsp;\u00bb. Je suis pour la simplification orthographique du fran\u00e7ais, et \u00e0 mon sens il n\u2019est pas n\u00e9cessaire de faire une distinction \u00e0 l\u2019\u00e9crit, l\u00e0 o\u00f9 elle n\u2019existe pas \u00e0 l\u2019oral. Je suis donc pour conserver \u00ab&nbsp;ami&nbsp;\u00bb comme \u00e9pic\u00e8ne. N\u00e9anmoins, si vous y tenez, on peut tout de m\u00eame proposer d\u2019autres variations orthographiques&nbsp;: ami\u00eb pour le neutre et ami\u2019e pour l\u2019inclusif. Idem pour les participes pass\u00e9s : garder maquill\u00e9 pour tout les genres, ou des variantes orthographiques (maquill\u00e6 \/ maquill\u00e9\u00eb pour le neutre et maquill\u00e9\u2019e pour l\u2019inclusif).<\/p>\n\n\n\n<p>\u00b7&nbsp;&nbsp;&nbsp;&nbsp;&nbsp;&nbsp;Les d\u00e9terminants, articles et pronoms :<\/p>\n\n\n\n<p><em>Les crochets indiquent la lecture phon\u00e9tique (par exemple : un\u00e6 se lira un + le son \u00ab&nbsp;n&nbsp;\u00bb.)<\/em><\/p>\n\n\n\n<p><em>Entre parenth\u00e8se, il s\u2019agit de formes orthographiques alternatives (par exemple, iel peut aussi s\u2019\u00e9crire yel).<\/em><\/p>\n\n\n\n<figure class=\"wp-block-image\"><a href=\"http:\/\/ekladata.com\/hIw15L3R6vTPXcxFbv4jTUVozNg.png\"><img decoding=\"async\" src=\"https:\/\/i2.wp.com\/ekladata.com\/hIw15L3R6vTPXcxFbv4jTUVozNg@685x527.png\" alt=\"Petit dico de fran\u00e7ais neutre\/inclusif\" \/><\/a><\/figure>\n\n\n\n<p>A mon sens, deux pronoms devraient rentrer dans le dictionnaire&nbsp;: iel pour l\u2019inclusif car l\u2019usage l\u2019a d\u00e9j\u00e0 consacr\u00e9 et ille pour le neutre. Pourquoi ille plut\u00f4t qu\u2019un autre&nbsp;?&nbsp;Il me semble simplement&nbsp;que c\u2019est le pronom neutre que j\u2019ai vu le plus&nbsp;employ\u00e9 (mais je peux me tromper). On le voyait pas mal dans les planches de Sophie, au d\u00e9but c\u2019\u00e9tait le pronom de Ciel&nbsp;! (Maintenant c\u2019est iel). (Vous remarquez que je ne pr\u00eache m\u00eame pas pour mon propre pronom qui est im&nbsp;:p)<\/p>\n\n\n\n<p>\u00b7&nbsp;&nbsp;&nbsp;&nbsp;&nbsp;&nbsp;Mots group\u00e9s par sorte de terminaison<\/p>\n\n\n\n<figure class=\"wp-block-image\"><a href=\"http:\/\/ekladata.com\/Y1bD37trf2l55hCCpl7wo638i4M.png\"><img decoding=\"async\" src=\"https:\/\/i0.wp.com\/ekladata.com\/Y1bD37trf2l55hCCpl7wo638i4M.png\" alt=\"Petit dico de fran\u00e7ais neutre\/inclusif\" \/><\/a><\/figure>\n\n\n\n<p><em>Note : j\u2019ai aussi mis heureuxe et joyeuxe pour le neutre car j\u2019ai vu pas mal de personnes les employer en tant que neutre et ces formes semblent avoir pas mal de succ\u00e8s ; comme je le disais pr\u00e9c\u00e9demment, \u00e7a ne fait rien si le neutre et l\u2019inclusif se confondent de temps en temps.<\/em><\/p>\n\n\n\n<p><em>Note 2 : pour \u00ab&nbsp;mignonsse&nbsp;\u00bb j\u2019ai mis \u00ab&nbsp;sse&nbsp;\u00bb pour ne pas confondre avec le \u00ab&nbsp;mignons&nbsp;\u00bb du masculin au pluriel, mais je ne vois pas d\u2019inconv\u00e9nient \u00e0 l\u2019\u00e9crire \u00ab&nbsp;mignons&nbsp;\u00bb sinon.<\/em><\/p>\n\n\n\n<p><em>Note 3 : il est tout \u00e0 fait possible que j\u2019ai omis&nbsp;certaines&nbsp;terminaisons. Je crois n\u00e9anmoins qu\u2019on peut d\u00e9duire ais\u00e9ment de ce tableau celles qui manquent (par&nbsp;exemple fran\u00e7ais \/ fran\u00e7aise&nbsp;devient&nbsp;fran\u00e7aisse au neutre et&nbsp;fran\u00e7aixe \u00e0 l\u2019inclusif. Je sais qu\u2019on entend \u00ab&nbsp;franc sexe&nbsp;\u00bb mais tout le monde n\u2019a peut-\u00eatre pas l\u2019esprit aussi mal tourn\u00e9 que toi,&nbsp;nan mais ! ^^) Si toutefois j\u2019avais oubli\u00e9 des terminaisons dont on ne pourrait d\u00e9duire le neutre et l\u2019inclusif depuis ce tableau, laisse-moi un commentaire \ud83d\ude42<\/em><\/p>\n\n\n\n<p><em>Note 4 : j\u2019ajoute eil ou eille en pronom (prononcer \u00e8ye) mais je n\u2019ai pas encore eu le temps de le rajouter dans le tableau<\/em><\/p>\n\n\n\n<p><em>Note 5 : on peut imaginer une terminaison neutre ou inclusif en \u00ab&nbsp;an&nbsp;\u00bb pour les mots en \u00ab&nbsp;on\/onne&nbsp;\u00bb =&gt;&nbsp;mignan,&nbsp;compagnan, \u2026 On peut m\u00eame faire une variante en \u00ab&nbsp;un&nbsp;\u00bb si on veut distinguer neutre de inclusif =&gt;&nbsp;mignun,&nbsp;compagnun\u2026&nbsp;<\/em><\/p>\n\n\n\n<p>\u00b7&nbsp;&nbsp;&nbsp;&nbsp;&nbsp;&nbsp;Mots sp\u00e9cifiques<\/p>\n\n\n\n<figure class=\"wp-block-image\"><a href=\"http:\/\/ekladata.com\/BrmpHqRW0RvXi4tE_NBUFBkMOgI.png\"><img decoding=\"async\" src=\"https:\/\/i2.wp.com\/ekladata.com\/BrmpHqRW0RvXi4tE_NBUFBkMOgI@751x309.png\" alt=\"Petit dico de fran\u00e7ais neutre\/inclusif\" \/><\/a><\/figure>\n\n\n\n<p><strong>4.&nbsp;&nbsp;&nbsp;&nbsp;<\/strong><strong>On passe \u00e0 la pratique&nbsp;!<\/strong><\/p>\n\n\n\n<p>Exemples :<\/p>\n\n\n\n<p>\u00f0&nbsp;Masculin&nbsp;: c\u2019est le fils du boulanger<\/p>\n\n\n\n<p>\u00f0&nbsp;F\u00e9minin&nbsp;: c\u2019est la fille de la boulang\u00e8re<\/p>\n\n\n\n<p>\u00f0&nbsp;Neutre&nbsp;: c\u2019est lo fim do boulang\u00e9r&nbsp;=&gt; les personnes dont on parle sont non-binaires<\/p>\n\n\n\n<p>\u00f0&nbsp;Inclusif&nbsp;: c\u2019est li fi di boulanges&nbsp;=&gt; on ne sait pas le genre des personnes dont on parle ou elles sont non-binaires<\/p>\n\n\n\n<p>\u00f0&nbsp;Plusieurs genres dans la m\u00eame phrase&nbsp;: c\u2019est lo fim de la boulang\u00e8re&nbsp;=&gt; la boulang\u00e8re se genre au f\u00e9minin et son enfant est non-binaire&nbsp;<em>(je dis se genre au f\u00e9minin, car certaines personnes non-binaires se genrent aussi au f\u00e9minin).<\/em><\/p>\n\n\n\n<p>Plusieurs autres exemples&nbsp;:<\/p>\n\n\n\n<figure class=\"wp-block-image\"><a href=\"http:\/\/ekladata.com\/sgwou4Q3hiynSO-gkimxIQ0oQXk.png\"><img decoding=\"async\" src=\"https:\/\/i1.wp.com\/ekladata.com\/sgwou4Q3hiynSO-gkimxIQ0oQXk@748x267.png\" alt=\"Petit dico de fran\u00e7ais neutre\/inclusif\" \/><\/a><\/figure>\n\n\n\n<p>Voil\u00e0, maintenant \u00e0 vous de jouer ! \ud83d\ude00<\/p>\n\n\n\n<p>\u2013&nbsp;UESG<\/p>\n\n\n\n<p><strong>\u2026 ou le chantier exp\u00e9rimental d\u2019UESG<\/strong><\/p>\n\n\n\n<p><em>Note&nbsp;: certaines id\u00e9es sont les miennes, d\u2019autres non. Beaucoup de r\u00e9flexions ont notamment \u00e9t\u00e9 men\u00e9es avec l\u2019autrim* de&nbsp;<a href=\"http:\/\/office.id.st\/\">ce blog<\/a>. *neutre d\u2019auteur\/autrice utilis\u00e9 par la personne concern\u00e9e<\/em><\/p>\n\n\n\n<p><em>Je ne fais que des propositions, que vous \u00eates libres d\u2019utiliser, sachant qu\u2019il existe aussi probablement d\u2019autres alternatives. A terme, c\u2019est l\u2019usage qui consacrera.<\/em><\/p>\n\n\n\n<p><strong>1.&nbsp;&nbsp;&nbsp;&nbsp;<\/strong><strong>La diff\u00e9rence entre le neutre grammatical et l\u2019inclusif<\/strong><\/p>\n\n\n\n<p>\u00b7&nbsp;&nbsp;&nbsp;&nbsp;&nbsp;&nbsp;Le neutre grammatical&nbsp;sert \u00e0 d\u00e9signer une personne non-binaire, ce genre est exclusif aux personnes non-binaires.<\/p>\n\n\n\n<p>\u00b7&nbsp;&nbsp;&nbsp;&nbsp;&nbsp;&nbsp;L\u2019inclusif&nbsp;est une forme non-genr\u00e9e qui permet de d\u00e9signer une ou des personne(s) de genre(s) inconnu(s), un groupe de personnes de genres diff\u00e9rents (la dominance du masculin prend ainsi fin), ou une personne non-binaire qui souhaite utiliser l\u2019inclusif (pour ne pas se genrer, parce qu\u2019elle a plusieurs genres, etc.)<\/p>\n\n\n\n<p><em>Attention&nbsp;: le neutre grammatical n\u2019est pas la m\u00eame chose que le genre neutre ou neutrois. On peut par exemple \u00eatre agenre, maverique, demi-gar\u00e7on, demi-fille, bigenre, genre-fluide, etc. et utiliser le neutre grammatical pour se d\u00e9signer.<\/em><\/p>\n\n\n\n<p><strong>Il est important de faire une distinction entre neutre et inclusif&nbsp;<\/strong>(en r\u00e8gle g\u00e9n\u00e9rale, si quelques mots se confondent au neutre et \u00e0 l\u2019inclusif, comme \u00ab&nbsp;heureuxe&nbsp;\u00bb par exemple, \u00e7a ne fait rien). Ainsi, dans&nbsp;<a href=\"http:\/\/uniqueensongenre.eklablog.fr\/l-importance-du-mot-fim-a125700410\">cet article<\/a>, je soulignais l\u2019importance du mot fim. En effet, le neutre est une fa\u00e7on de se r\u00e9approprier le genre grammatical en se genrant, cela donne de l\u2019existence et du pouvoir. Au contraire, certaines personnes trouveront du pouvoir dans le fait de ne pas se genrer, et l\u2019inclusif est aussi utile pour mettre fin \u00e0 la dominance du masculin et genrer quelqu\u2019un dont on ne conna\u00eet pas le genre.<\/p>\n\n\n\n<p><strong>2.&nbsp;&nbsp;&nbsp;&nbsp;<\/strong><strong>Quelques r\u00e8gles&nbsp;pour commencer<\/strong><\/p>\n\n\n\n<p>\u00b7&nbsp;&nbsp;&nbsp;&nbsp;&nbsp;&nbsp;<strong>En r\u00e8gle g\u00e9n\u00e9rale, le&nbsp;s&nbsp;ou le&nbsp;m&nbsp;marqueront le neutre<\/strong>&nbsp;(ce sont des choix principalement phon\u00e9tiques pour le s, et le m rappelait la terminaison \u00ab&nbsp;um&nbsp;\u00bb du latin ; en effet, j\u2019ai d\u00e9j\u00e0 vu des mots comme \u00ab&nbsp;amourum&nbsp;\u00bb).<\/p>\n\n\n\n<p><em>Note : Je suis pour la simplification orthographique. Ainsi pour&nbsp;<\/em><em>\u00ab&nbsp;content \/ contente \u00bb, le neutre sera<\/em><em>&nbsp;\u00ab&nbsp;contens&nbsp;\u00bb et se lira \u00ab&nbsp;contensse&nbsp;\u00bb (on pourra cependant \u00e9crire&nbsp;<\/em><em>\u00ab&nbsp;<\/em><em>confusse&nbsp;<\/em><em>\u00bb<\/em><em>&nbsp;pour ne pas&nbsp;confondre avec le masculin&nbsp;<\/em><em>\u00ab&nbsp;<\/em><em>confus&nbsp;<\/em><em>\u00bb<\/em><em>&nbsp;dans ce cas pr\u00e9cis). En outre, \u00ab&nbsp;sse&nbsp;\u00bb est d\u00e9j\u00e0 une terminaison connot\u00e9e f\u00e9minin, donc autant changer l\u2019orthographe. Au pluriel, contens est donc invariable (\u00ab&nbsp;illes sont contens&nbsp;\u00bb). Le \u00ab&nbsp;sont&nbsp;\u00bb marque d\u00e9j\u00e0 le pluriel, et de toute mani\u00e8re le \u00ab&nbsp;s&nbsp;\u00bb du pluriel est toujours muet&nbsp;! (On pourrait tr\u00e8s bien \u00e9crire \u00ab&nbsp;les chat&nbsp;\u00bb sans probl\u00e8me de sens puis que \u00ab&nbsp;les&nbsp;\u00bb marque d\u00e9j\u00e0 le pluriel et le \u00ab&nbsp;s&nbsp;\u00bb serait muet).<\/em><\/p>\n\n\n\n<p>\u00b7&nbsp;&nbsp;&nbsp;&nbsp;&nbsp;&nbsp;<strong>L\u2019inclusif se forme habituellement avec&nbsp;un tiret, un point (.), un point sp\u00e9cial (\u2022), une apostrophe&nbsp;entre le masculin et le f\u00e9minin ou bien avec le&nbsp;E du f\u00e9minin en majuscule<\/strong>&nbsp;(content-e, content.e, content\u2022e, content\u2019e, contentE). Le d\u00e9savantage de ces formes est qu\u2019elles fonctionnent bien \u00e0 l\u2019\u00e9crit mais c\u2019est plus compliqu\u00e9 \u00e0 l\u2019oral. De plus, \u00e0 titre personnel, je n\u2019aime pas non plus l\u2019id\u00e9e d\u2019\u00eatre \u00ab&nbsp;des bouts de mots&nbsp;\u00bb avec des tirets\/points\/apostrophes et souhaite donc l\u2019existence de mots \u00e0 part enti\u00e8re mais \u00e7a n\u2019engage que moi \u00e9videmment (et plusieurs formes peuvent coexister).<\/p>\n\n\n\n<p><em>Note : Pour toutes ces raisons, je vais proposer un inclusif alternatif \u00e0 ces formes dans les paragraphes qui suivent.<\/em><\/p>\n\n\n\n<p><strong>Quand c\u2019est possible, on peut \u00e9galement utiliser des&nbsp;contractions du f\u00e9minin et du masculin<\/strong>(brefve, heureuxse)&nbsp;<strong>ou des&nbsp;mots valises<\/strong>&nbsp;(nouveau\/nouvelle devient nouvelleau), ces derniers \u00e9tant plut\u00f4t&nbsp;facile d\u2019utilisation notamment \u00e0 l\u2019oral.<\/p>\n\n\n\n<p><em>Note : Ces mots valises sont assez faciles d\u2019usage et sonnent bien, mais le probl\u00e8me est qu\u2019ils viennent d\u2019un assemblage du f\u00e9minin et du masculin, alors que l\u2019inclusif est cens\u00e9 inclure tous les genres grammaticaux (donc le neutre aussi). Ainsi, ces mots ne vont pas dans le sens souhait\u00e9. Je ne vois pas d\u2019inconv\u00e9nients \u00e0 ce qu\u2019ils soient utilis\u00e9s bien s\u00fbr (et c\u2019est \u00e9videmment l\u2019usage qui va consacrer) mais c\u2019est pour cela que je propose aussi une forme alternative. (D\u2019ailleurs, iel est aussi une contraction du f\u00e9minin et du masculin et c\u2019est quand m\u00eame le pronom&nbsp;qui va \u00eatre conserv\u00e9 en inclusif je pense, donc les mots valises ne sont pas non plus forc\u00e9ment \u00e0 \u00e9carter comme je disais.)<\/em><\/p>\n\n\n\n<p>\u00b7&nbsp;&nbsp;&nbsp;&nbsp;&nbsp;&nbsp;<strong>En r\u00e8gle g\u00e9n\u00e9rale, pour la forme alternative de l\u2019inclusif que je vais donc proposer, le&nbsp;x&nbsp;marquera la terminaison<\/strong>&nbsp;(il se trouve que la contraction de heureux et heureuse donnait justement heureuxe, donc autant garder la m\u00eame lettre&nbsp;; de plus le x se place bien en fin de mots, il est parfois consid\u00e9r\u00e9 comme une marque de l\u2019inconnu, et est d\u00e9j\u00e0 utilis\u00e9 comme inclusif en espagnol :p)<\/p>\n\n\n\n<p>\u00b7&nbsp;&nbsp;&nbsp;&nbsp;&nbsp;&nbsp;<strong>\u00ab&nbsp;La r\u00e8gle de la racine&nbsp;\u00bb<\/strong>&nbsp;: la particularit\u00e9 de l\u2019inclusif, c\u2019est que c\u2019est une forme non-genr\u00e9e. Donc je me suis dit qu\u2019il serait logique de prendre la racine du mot et de retirer la terminaison genr\u00e9e pour obtenir un inclusif. Ca ne marche pas dans tous les cas \u00e9videmment, mais \u00e7a peut fournir de bons tuyaux pour un paquet de mots ! Donc par exemple, on a&nbsp;\u00ab&nbsp;jardinier \/ jardini\u00e8re&nbsp;\u00bb qui devient \u00ab&nbsp;jardini&nbsp;\u00bb. \u00ab&nbsp;Joueur \/ joueuse&nbsp;\u00bb qui devient \u00ab&nbsp;joueu&nbsp;\u00bb (pour \u00eatre plus exact, la racine est plut\u00f4t \u00ab&nbsp;jou&nbsp;\u00bb avec les suffixes \u00ab&nbsp;eur\/euse&nbsp;\u00bb et le suffixe de l\u2019inclusif devient donc \u00ab&nbsp;eu&nbsp;\u00bb). Etc.<\/p>\n\n\n\n<p><strong>3.&nbsp;&nbsp;&nbsp;&nbsp;<\/strong><strong>Entrons dans le vif du sujet<\/strong><\/p>\n\n\n\n<p>\u00b7&nbsp;&nbsp;&nbsp;&nbsp;&nbsp;&nbsp;Mot \u00e9pic\u00e8nes&nbsp;: ce sont des mots qui sont identiques \u00e0 tous les genres grammaticaux. Par exemple, le mot \u00ab&nbsp;journaliste&nbsp;\u00bb est le m\u00eame au masculin et au f\u00e9minin. Il est donc logique qu\u2019il soit \u00e9galement identique au neutre et \u00e0 l\u2019inclusif. On garde donc \u00ab&nbsp;journaliste&nbsp;\u00bb dans tous les cas.<\/p>\n\n\n\n<p>\u00b7&nbsp;&nbsp;&nbsp;&nbsp;&nbsp;&nbsp;Mots \u00e9pic\u00e8nes \u00e0 l\u2019oral ayant une variation orthographique&nbsp;: par exemple, \u00ab&nbsp;ami \/ amie&nbsp;\u00bb. Je suis pour la simplification orthographique du fran\u00e7ais, et \u00e0 mon sens il n\u2019est pas n\u00e9cessaire de faire une distinction \u00e0 l\u2019\u00e9crit, l\u00e0 o\u00f9 elle n\u2019existe pas \u00e0 l\u2019oral. Je suis donc pour conserver \u00ab&nbsp;ami&nbsp;\u00bb comme \u00e9pic\u00e8ne. N\u00e9anmoins, si vous y tenez, on peut tout de m\u00eame proposer d\u2019autres variations orthographiques&nbsp;: ami\u00eb pour le neutre et ami\u2019e pour l\u2019inclusif. Idem pour les participes pass\u00e9s : garder maquill\u00e9 pour tout les genres, ou des variantes orthographiques (maquill\u00e6 \/ maquill\u00e9\u00eb pour le neutre et maquill\u00e9\u2019e pour l\u2019inclusif).<\/p>\n\n\n\n<p>\u00b7&nbsp;&nbsp;&nbsp;&nbsp;&nbsp;&nbsp;Les d\u00e9terminants, articles et pronoms :<\/p>\n\n\n\n<p><em>Les crochets indiquent la lecture phon\u00e9tique (par exemple : un\u00e6 se lira un + le son \u00ab&nbsp;n&nbsp;\u00bb.)<\/em><\/p>\n\n\n\n<p><em>Entre parenth\u00e8se, il s\u2019agit de formes orthographiques alternatives (par exemple, iel peut aussi s\u2019\u00e9crire yel).<\/em><\/p>\n\n\n\n<figure class=\"wp-block-image\"><a href=\"http:\/\/ekladata.com\/hIw15L3R6vTPXcxFbv4jTUVozNg.png\"><img decoding=\"async\" src=\"https:\/\/i2.wp.com\/ekladata.com\/hIw15L3R6vTPXcxFbv4jTUVozNg@685x527.png\" alt=\"Petit dico de fran\u00e7ais neutre\/inclusif\" \/><\/a><\/figure>\n\n\n\n<p>A mon sens, deux pronoms devraient rentrer dans le dictionnaire&nbsp;: iel pour l\u2019inclusif car l\u2019usage l\u2019a d\u00e9j\u00e0 consacr\u00e9 et ille pour le neutre. Pourquoi ille plut\u00f4t qu\u2019un autre&nbsp;?&nbsp;Il me semble simplement&nbsp;que c\u2019est le pronom neutre que j\u2019ai vu le plus&nbsp;employ\u00e9 (mais je peux me tromper). On le voyait pas mal dans les planches de Sophie, au d\u00e9but c\u2019\u00e9tait le pronom de Ciel&nbsp;! (Maintenant c\u2019est iel). (Vous remarquez que je ne pr\u00eache m\u00eame pas pour mon propre pronom qui est im&nbsp;:p)<\/p>\n\n\n\n<p>\u00b7&nbsp;&nbsp;&nbsp;&nbsp;&nbsp;&nbsp;Mots group\u00e9s par sorte de terminaison<\/p>\n\n\n\n<figure class=\"wp-block-image\"><a href=\"http:\/\/ekladata.com\/Y1bD37trf2l55hCCpl7wo638i4M.png\"><img decoding=\"async\" src=\"https:\/\/i0.wp.com\/ekladata.com\/Y1bD37trf2l55hCCpl7wo638i4M.png\" alt=\"Petit dico de fran\u00e7ais neutre\/inclusif\" \/><\/a><\/figure>\n\n\n\n<p><em>Note : j\u2019ai aussi mis heureuxe et joyeuxe pour le neutre car j\u2019ai vu pas mal de personnes les employer en tant que neutre et ces formes semblent avoir pas mal de succ\u00e8s ; comme je le disais pr\u00e9c\u00e9demment, \u00e7a ne fait rien si le neutre et l\u2019inclusif se confondent de temps en temps.<\/em><\/p>\n\n\n\n<p><em>Note 2 : pour \u00ab&nbsp;mignonsse&nbsp;\u00bb j\u2019ai mis \u00ab&nbsp;sse&nbsp;\u00bb pour ne pas confondre avec le \u00ab&nbsp;mignons&nbsp;\u00bb du masculin au pluriel, mais je ne vois pas d\u2019inconv\u00e9nient \u00e0 l\u2019\u00e9crire \u00ab&nbsp;mignons&nbsp;\u00bb sinon.<\/em><\/p>\n\n\n\n<p><em>Note 3 : il est tout \u00e0 fait possible que j\u2019ai omis&nbsp;certaines&nbsp;terminaisons. Je crois n\u00e9anmoins qu\u2019on peut d\u00e9duire ais\u00e9ment de ce tableau celles qui manquent (par&nbsp;exemple fran\u00e7ais \/ fran\u00e7aise&nbsp;devient&nbsp;fran\u00e7aisse au neutre et&nbsp;fran\u00e7aixe \u00e0 l\u2019inclusif. Je sais qu\u2019on entend \u00ab&nbsp;franc sexe&nbsp;\u00bb mais tout le monde n\u2019a peut-\u00eatre pas l\u2019esprit aussi mal tourn\u00e9 que toi,&nbsp;nan mais ! ^^) Si toutefois j\u2019avais oubli\u00e9 des terminaisons dont on ne pourrait d\u00e9duire le neutre et l\u2019inclusif depuis ce tableau, laisse-moi un commentaire \ud83d\ude42<\/em><\/p>\n\n\n\n<p><em>Note 4 : j\u2019ajoute eil ou eille en pronom (prononcer \u00e8ye) mais je n\u2019ai pas encore eu le temps de le rajouter dans le tableau<\/em><\/p>\n\n\n\n<p><em>Note 5 : on peut imaginer une terminaison neutre ou inclusif en \u00ab&nbsp;an&nbsp;\u00bb pour les mots en \u00ab&nbsp;on\/onne&nbsp;\u00bb =&gt;&nbsp;mignan,&nbsp;compagnan, \u2026 On peut m\u00eame faire une variante en \u00ab&nbsp;un&nbsp;\u00bb si on veut distinguer neutre de inclusif =&gt;&nbsp;mignun,&nbsp;compagnun\u2026&nbsp;<\/em><\/p>\n\n\n\n<p>\u00b7&nbsp;&nbsp;&nbsp;&nbsp;&nbsp;&nbsp;Mots sp\u00e9cifiques<\/p>\n\n\n\n<figure class=\"wp-block-image\"><a href=\"http:\/\/ekladata.com\/BrmpHqRW0RvXi4tE_NBUFBkMOgI.png\"><img decoding=\"async\" src=\"https:\/\/i2.wp.com\/ekladata.com\/BrmpHqRW0RvXi4tE_NBUFBkMOgI@751x309.png\" alt=\"Petit dico de fran\u00e7ais neutre\/inclusif\" \/><\/a><\/figure>\n\n\n\n<p><strong>4.&nbsp;&nbsp;&nbsp;&nbsp;<\/strong><strong>On passe \u00e0 la pratique&nbsp;!<\/strong><\/p>\n\n\n\n<p>Exemples :<\/p>\n\n\n\n<p>\u00f0&nbsp;Masculin&nbsp;: c\u2019est le fils du boulanger<\/p>\n\n\n\n<p>\u00f0&nbsp;F\u00e9minin&nbsp;: c\u2019est la fille de la boulang\u00e8re<\/p>\n\n\n\n<p>\u00f0&nbsp;Neutre&nbsp;: c\u2019est lo fim do boulang\u00e9r&nbsp;=&gt; les personnes dont on parle sont non-binaires<\/p>\n\n\n\n<p>\u00f0&nbsp;Inclusif&nbsp;: c\u2019est li fi di boulanges&nbsp;=&gt; on ne sait pas le genre des personnes dont on parle ou elles sont non-binaires<\/p>\n\n\n\n<p>\u00f0&nbsp;Plusieurs genres dans la m\u00eame phrase&nbsp;: c\u2019est lo fim de la boulang\u00e8re&nbsp;=&gt; la boulang\u00e8re se genre au f\u00e9minin et son enfant est non-binaire&nbsp;<em>(je dis se genre au f\u00e9minin, car certaines personnes non-binaires se genrent aussi au f\u00e9minin).<\/em><\/p>\n\n\n\n<p>Plusieurs autres exemples&nbsp;:<\/p>\n\n\n\n<figure class=\"wp-block-image\"><a href=\"http:\/\/ekladata.com\/sgwou4Q3hiynSO-gkimxIQ0oQXk.png\"><img decoding=\"async\" src=\"https:\/\/i1.wp.com\/ekladata.com\/sgwou4Q3hiynSO-gkimxIQ0oQXk@748x267.png\" alt=\"Petit dico de fran\u00e7ais neutre\/inclusif\" \/><\/a><\/figure>\n\n\n\n<p><a href=\"https:\/\/lavieenqueer.wordpress.com\/2018\/07\/26\/petit-dico-de-francais-neutre-inclusif-version-2016-archive\/#:~:text=%C2%B7%20Le%20neutre%20grammatical%20sert%20%C3%A0,exclusif%20aux%20personnes%20non%2Dbinaires.&amp;text=On%20peut%20par%20exemple%20%C3%AAtre,%2C%20genre%2Dfluide%2C%20etc.\">Veuillez trouver l&rsquo;artiche original en cliquant le lien<\/a> <a href=\"https:\/\/lavieenqueer.wordpress.com\/2018\/07\/26\/petit-dico-de-francais-neutre-inclusif-version-2016-archive\/#:~:text=%C2%B7%20Le%20neutre%20grammatical%20sert%20%C3%A0,exclusif%20aux%20personnes%20non%2Dbinaires.&amp;text=On%20peut%20par%20exemple%20%C3%AAtre,%2C%20genre%2Dfluide%2C%20etc.\">https:\/\/lavieenqueer.wordpress.com\/2018\/07\/26\/petit-dico-de-francais-neutre-inclusif-version-2016-archive\/#:~:text=%C2%B7%20Le%20neutre%20grammatical%20sert%20%C3%A0,exclusif%20aux%20personnes%20non%2Dbinaires.&amp;text=On%20peut%20par%20exemple%20%C3%AAtre,%2C%20genre%2Dfluide%2C%20etc.<\/a><\/p>\n","protected":false},"excerpt":{"rendered":"<p>Article publi\u00e9 par la \u00ab\u00a0La vie en queer\u00a0\u00bb en 2016 et puis 2018 Pour garder une trace des propositions qui avaient \u00e9t\u00e9 faites, je copie\/colle l\u2019article datant de 2016 ! Consultez aussi une version mise \u00e0 jour en 2018 :\u00a0https:\/\/lavieenqueer.wordpress.com\/2018\/07\/26\/petit-dico-de-francais-neutre-inclusif\/ \u2014\u2014\u2013 Note&nbsp;: certaines id\u00e9es sont les miennes, d\u2019autres non. Beaucoup de r\u00e9flexions ont notamment \u00e9t\u00e9 [&hellip;]<\/p>\n","protected":false},"author":763,"featured_media":2401,"comment_status":"open","ping_status":"closed","sticky":false,"template":"","format":"standard","meta":{"_genesis_hide_title":false,"_genesis_hide_breadcrumbs":false,"_genesis_hide_singular_image":false,"_genesis_hide_footer_widgets":false,"_genesis_custom_body_class":"","_genesis_custom_post_class":"","_genesis_layout":"","footnotes":""},"categories":[1780,67,40,1,72],"tags":[],"class_list":{"0":"post-3380","1":"post","2":"type-post","3":"status-publish","4":"format-standard","5":"has-post-thumbnail","7":"category-communaute","8":"category-document","9":"category-medias","10":"category-news","11":"category-recherche","12":"entry"},"featured_image_src":"https:\/\/association360.ch\/trans\/wp-content\/uploads\/sites\/4\/2009\/10\/groupe-trans-360-dessin-flyer-johanna.jpg","featured_image_src_square":"https:\/\/association360.ch\/trans\/wp-content\/uploads\/sites\/4\/2009\/10\/groupe-trans-360-dessin-flyer-johanna.jpg","author_info":{"display_name":"Cris","author_link":"https:\/\/association360.ch\/trans\/author\/alexandra\/"},"jetpack_featured_media_url":"https:\/\/association360.ch\/trans\/wp-content\/uploads\/sites\/4\/2009\/10\/groupe-trans-360-dessin-flyer-johanna.jpg","_links":{"self":[{"href":"https:\/\/association360.ch\/trans\/wp-json\/wp\/v2\/posts\/3380","targetHints":{"allow":["GET"]}}],"collection":[{"href":"https:\/\/association360.ch\/trans\/wp-json\/wp\/v2\/posts"}],"about":[{"href":"https:\/\/association360.ch\/trans\/wp-json\/wp\/v2\/types\/post"}],"author":[{"embeddable":true,"href":"https:\/\/association360.ch\/trans\/wp-json\/wp\/v2\/users\/763"}],"replies":[{"embeddable":true,"href":"https:\/\/association360.ch\/trans\/wp-json\/wp\/v2\/comments?post=3380"}],"version-history":[{"count":1,"href":"https:\/\/association360.ch\/trans\/wp-json\/wp\/v2\/posts\/3380\/revisions"}],"predecessor-version":[{"id":3381,"href":"https:\/\/association360.ch\/trans\/wp-json\/wp\/v2\/posts\/3380\/revisions\/3381"}],"wp:featuredmedia":[{"embeddable":true,"href":"https:\/\/association360.ch\/trans\/wp-json\/wp\/v2\/media\/2401"}],"wp:attachment":[{"href":"https:\/\/association360.ch\/trans\/wp-json\/wp\/v2\/media?parent=3380"}],"wp:term":[{"taxonomy":"category","embeddable":true,"href":"https:\/\/association360.ch\/trans\/wp-json\/wp\/v2\/categories?post=3380"},{"taxonomy":"post_tag","embeddable":true,"href":"https:\/\/association360.ch\/trans\/wp-json\/wp\/v2\/tags?post=3380"}],"curies":[{"name":"wp","href":"https:\/\/api.w.org\/{rel}","templated":true}]}}