{"id":3657,"date":"2022-10-19T15:06:47","date_gmt":"2022-10-19T14:06:47","guid":{"rendered":"https:\/\/association360.ch\/trans\/?p=3657"},"modified":"2022-10-19T15:06:48","modified_gmt":"2022-10-19T14:06:48","slug":"transphobie-et-repression-retour-sur-une-polemique-reactionnaire","status":"publish","type":"post","link":"https:\/\/association360.ch\/trans\/transphobie-et-repression-retour-sur-une-polemique-reactionnaire\/","title":{"rendered":"Transphobie et r\u00e9pression\u00a0: retour sur une pol\u00e9mique r\u00e9actionnaire"},"content":{"rendered":"\n<p>Apparu le 17 octobre sur <a href=\"https:\/\/renverse.co\/infos-locales\/article\/transphobie-et-repression-retour-sur-une-polemique-reactionnaire-3716\" target=\"_blank\" rel=\"noreferrer noopener\">Informations et luttes Renvers\u00e9 suisse romande <\/a><\/p>\n\n\n\n<p>La\u00a0CUAE, syndicat \u00e9tudiant et faiti\u00e8re de l\u2019UNIGE, organise une conf\u00e9rence le mardi 25\u00a0octobre \u00e0 UniMail (MR280) pour revenir sur les conf\u00e9rences transphobes emp\u00each\u00e9es au printemps 2022 et la r\u00e9pression qui s\u2019en est suivie.<\/p>\n\n\n\n<p><a href=\"https:\/\/renverse.co\/mot\/universite-de-geneve\"><em>&nbsp;<\/em>Universit\u00e9 de Gen\u00e8ve&nbsp;<\/a>|&nbsp;17 octobre<\/p>\n\n\n\n<p>En l\u2019espace de deux semaines ce printemps, deux conf\u00e9rences transphobes ont \u00e9t\u00e9 emp\u00each\u00e9es par des militant.e.x.s. Les deux interventions qui \u00e9taient cens\u00e9es se tenir dans les murs de l\u2019universit\u00e9 avaient un certain nombre de points communs dont un des plus importants est leur proximit\u00e9 th\u00e9orique avec des mouvements d\u2019extr\u00eame droite (parfois m\u00eame d\u2019ultradroite). L\u2019universit\u00e9 offrait \u00e0 ces intervenant.e.x.s des plateformes r\u00eav\u00e9es pour diffuser leurs id\u00e9es naus\u00e9abondes en les rev\u00eatant d\u2019une couche de vernis de la marque \u00ab\u00a0acceptable\u00a0\u00bb.<\/p>\n\n\n\n<p>Des militant.e.x.s ont per\u00e7u l\u2019extr\u00eame dangerosit\u00e9 et violence de ce qui se passait au sein de l\u2019universit\u00e9 et iels se sont organis\u00e9.e.x.s pour exprimer leur d\u00e9saccord profond (que nous partageons, bien \u00e9videmment). Iels l\u2019ont donc exprim\u00e9 en emp\u00eachant ces prises de paroles, en s\u2019y opposant concr\u00e8tement, directement et frontalement.<\/p>\n\n\n\n<p>Sauf que cette action militante a \u00e9t\u00e9 tr\u00e8s fortement critiqu\u00e9e dans les m\u00e9dias et le rectorat a indiqu\u00e9 par voie de presse sa volont\u00e9 de porter plainte contre X pour les motifs de \u00ab<small>&nbsp;<\/small>violations de domicile<small>&nbsp;<\/small>\u00bb et \u00ab<small>&nbsp;<\/small>contrainte<small>&nbsp;<\/small>\u00bb.<\/p>\n\n\n\n<p>\u00c9videmment, tout \u00e7a est absurde mais aussi bien les discours r\u00e9actionnaires et fascistes que la menace de plainte (m\u00eame si elle n\u2019a finalement pas \u00e9t\u00e9 pos\u00e9e) ont des effets tr\u00e8s concrets et d\u00e9vastateurs.<\/p>\n\n\n\n<p>Nous l\u2019avons vu, la presse r\u00e9actionnaire (et quelques pol\u00e9mistes de bas \u00e9tage en particulier) a mis un point d\u2019honneur \u00e0 cr\u00e9er pratiquement de toute pi\u00e8ce une pol\u00e9mique violente, lui permettant d\u2019attaquer p\u00e8le-m\u00eale les strat\u00e9gies de lutte des militant.e.x.s, les droits fondamentaux des personnes trans, et toute forme de contestation au sein de l\u2019universit\u00e9. Ce backlash n\u2019est pas innocent. M\u00eame si l\u2019universit\u00e9 a toujours \u00e9t\u00e9 une institution bourgeoise et r\u00e9tive au changement, les menaces de repr\u00e9sailles judiciaires et administratives qu\u2019elle a formul\u00e9es lors du printemps dernier repr\u00e9sentent une nouvelle dimension dans la r\u00e9pression. Historiquement, les diverses actions parfois choc de la&nbsp;CUAE&nbsp;ou d\u2019autres militant.e.x.s n\u2019ont jamais subi une r\u00e9pression \u00e0 une telle \u00e9chelle. Par exemple, lorsque des miliant.e.x.s non identifi\u00e9.e.x.s avaient entart\u00e9 l\u2019avocat fasciste Marc Bonnant en 2017, l\u2019universit\u00e9 n\u2019avait eu aucune r\u00e9action r\u00e9pressive de la sorte.<\/p>\n\n\n\n<p>Pour comprendre ce durcissement de la r\u00e9pression, il faut regarder le climat dans lequel il s\u2019ins\u00e8re, un climat de mont\u00e9e et de radicalisation de l\u2019extr\u00eame-droite partout en Europe (et ailleurs), qui s\u2019exprime aussi par un renforcement des mouvements&nbsp;LGBTI-phobes, et en particulier de la transphobie.<\/p>\n\n\n\n<p>En effet, cette affaire de conf\u00e9rences emp\u00each\u00e9es n\u2019est qu\u2019un r\u00e9v\u00e9lateur d\u2019une tendance \u00e0 l\u2019extr\u00eame-droitisation de toutes les sph\u00e8res de la soci\u00e9t\u00e9 (l\u2019universit\u00e9 au premier chef) bien plus profonde. Il est d\u00e8s lors indispensable de le percevoir comme tel. Et c\u2019est justement ce que le rectorat a fait semblant de ne pas comprendre depuis le 29&nbsp;avril (date du premier blocage). Pour faire vivre une autre analyse de la situation que celle qu\u2019on a pu lire dans les journaux bourgeois et\/ou r\u00e9actionnaires<small>&nbsp;<\/small>; pour faire vivre une critique politique qui ne ressemble pas \u00e0 la bouillie que le rectorat a servie tout au long de cette fausse-pol\u00e9mique<small>&nbsp;<\/small>; pour faire vivre une critique de gauche face \u00e0 de telles offensives de la droite dure<small>&nbsp;<\/small>; pour qu\u2019une affaire qui concentre tant de d\u00e9rives ultra-r\u00e9actionnaires ne se finisse pas dans l\u2019anonymat le plus total, nous organisons une conf\u00e9rence o\u00f9 nous esp\u00e9rons vous voir nombreu.se.x.s.<\/p>\n\n\n\n<p>Elle aura lieu le mardi 25&nbsp;octobre \u00e0 18h30 en&nbsp;MR280&nbsp;(UniMail). Pour cette conf\u00e9rence, nous aurons le plaisir de recevoir quatre intervenant.e.x.s avec quatre angles d\u2019analyse diff\u00e9rents afin d\u2019enrichir la discussion. Tout d\u2019abord, Fr\u00e9d\u00e9ric Deshusses, historien et archiviste aux Archives contestataires, nous parlera de l\u2019\u00e9volution de la r\u00e9pression dans les mouvements politiques \u00e9tudiants en Suisse. Ensuite, un.e.x membre du&nbsp;CRAQ&nbsp;(Collectif Radical d\u2019Action Queer) apportera une perspective militante \u00e0 la question de la r\u00e9pression et du cissexisme. Alex Mahoudeau, qui a \u00e9crit le livre \u00ab<small>&nbsp;<\/small>La Panique woke<small>&nbsp;<\/small>\u00bb, pourra \u00e9galement contextualiser cette panique woke dans un contexte plus large que Gen\u00e8ve et son universit\u00e9. Enfin, \u00c7a\u011fla Ayka\u00e7, qui enseigne au programme Horizon Acad\u00e9mique et \u00e0 l\u2019Institut des Etudes Genre de l\u2019universit\u00e9 de Gen\u00e8ve, ainsi qu\u2019au master de recherche en art&nbsp;CCC-HEAD, discutera de menaces qui p\u00e8sent sur les Etudes Genre au niveau transnational, et d\u2019enjeux et alliances de mouvements&nbsp;LGBTIQ+ au sein des universit\u00e9s.<\/p>\n\n\n\n<p>Apr\u00e8s ces interventions, il y aura un moment de discussion entre les intervenant.e.x.s et finalement le d\u00e9bat sera ouvert au public afin que nous puissions \u00e9changer plus largement. Un ap\u00e9ro est \u00e9galement pr\u00e9vu \u00e0 la fin de la conf\u00e9rence pour continuer \u00e0 discuter plus informellement.<\/p>\n\n\n\n<p>Nous nous r\u00e9jouissons de vous voir nombreuxses \u00e0 cet \u00e9v\u00e9nement<small>&nbsp;<\/small>!<\/p>\n\n\n\n<p>La&nbsp;CUAE<\/p>\n\n\n\n<figure class=\"wp-block-image\"><img decoding=\"async\" src=\"https:\/\/renverse.co\/IMG\/jpg\/confe_rence_re_trospective_8_.jpg\" alt=\"\" \/><\/figure>\n\n\n\n<h2 class=\"wp-block-heading\">P.S.<\/h2>\n\n\n\n<p>Pour plus d\u2019informations sur cette affaire, lire&nbsp;:<\/p>\n\n\n\n<ul class=\"wp-block-list\"><li><a href=\"https:\/\/renverse.co\/infos-locales\/article\/conference-transphobe-a-l-uni-bastions-3528\">le compte rendu de l\u2019interruption de la conf\u00e9rence du 29&nbsp;avril 2022<\/a><\/li><li><a href=\"https:\/\/renverse.co\/infos-locales\/article\/casse-toi-eric-retour-sur-l-action-du-12-05-a-uni-bastions-3562\">le compte rendu de l\u2019interruption de la conf\u00e9rence du 17&nbsp;mai 2022<\/a><\/li><li><a href=\"https:\/\/renverse.co\/analyses\/article\/repression-a-l-universite-et-autres-histoires-de-transphobie-3617\">le retour de la&nbsp;CUAE&nbsp;apr\u00e8s la d\u00e9cision du rectorat de ne pas d\u00e9poser plainte<\/a><\/li><\/ul>\n\n\n\n<h2 class=\"wp-block-heading\">AGENDA<\/h2>\n\n\n\n<h3 class=\"wp-block-heading\">Transphobie et r\u00e9pression&nbsp;: retour sur une pol\u00e9mique r\u00e9actionnaire<\/h3>\n\n\n\n<p>&nbsp;mardi 25 octobre 2022&nbsp;&nbsp;18h30 &#8211; 20h00<\/p>\n\n\n\n<p>&nbsp;UniMail, salle&nbsp;MR280,<\/p>\n\n\n\n<h3 class=\"wp-block-heading\">DANS LA M\u00caME TH\u00c9MATIQUE<\/h3>\n","protected":false},"excerpt":{"rendered":"<p>Apparu le 17 octobre sur Informations et luttes Renvers\u00e9 suisse romande La\u00a0CUAE, syndicat \u00e9tudiant et faiti\u00e8re de l\u2019UNIGE, organise une conf\u00e9rence le mardi 25\u00a0octobre \u00e0 UniMail (MR280) pour revenir sur les conf\u00e9rences transphobes emp\u00each\u00e9es au printemps 2022 et la r\u00e9pression qui s\u2019en est suivie. &nbsp;Universit\u00e9 de Gen\u00e8ve&nbsp;|&nbsp;17 octobre En l\u2019espace de deux semaines ce printemps, [&hellip;]<\/p>\n","protected":false},"author":763,"featured_media":0,"comment_status":"open","ping_status":"closed","sticky":false,"template":"","format":"standard","meta":{"_genesis_hide_title":false,"_genesis_hide_breadcrumbs":false,"_genesis_hide_singular_image":false,"_genesis_hide_footer_widgets":false,"_genesis_custom_body_class":"","_genesis_custom_post_class":"","_genesis_layout":"","footnotes":""},"categories":[1780,5,40],"tags":[],"class_list":{"0":"post-3657","1":"post","2":"type-post","3":"status-publish","4":"format-standard","6":"category-communaute","7":"category-manifestation","8":"category-medias","9":"entry"},"featured_image_src":null,"featured_image_src_square":null,"author_info":{"display_name":"Cris","author_link":"https:\/\/association360.ch\/trans\/author\/alexandra\/"},"jetpack_featured_media_url":"","_links":{"self":[{"href":"https:\/\/association360.ch\/trans\/wp-json\/wp\/v2\/posts\/3657","targetHints":{"allow":["GET"]}}],"collection":[{"href":"https:\/\/association360.ch\/trans\/wp-json\/wp\/v2\/posts"}],"about":[{"href":"https:\/\/association360.ch\/trans\/wp-json\/wp\/v2\/types\/post"}],"author":[{"embeddable":true,"href":"https:\/\/association360.ch\/trans\/wp-json\/wp\/v2\/users\/763"}],"replies":[{"embeddable":true,"href":"https:\/\/association360.ch\/trans\/wp-json\/wp\/v2\/comments?post=3657"}],"version-history":[{"count":1,"href":"https:\/\/association360.ch\/trans\/wp-json\/wp\/v2\/posts\/3657\/revisions"}],"predecessor-version":[{"id":3658,"href":"https:\/\/association360.ch\/trans\/wp-json\/wp\/v2\/posts\/3657\/revisions\/3658"}],"wp:attachment":[{"href":"https:\/\/association360.ch\/trans\/wp-json\/wp\/v2\/media?parent=3657"}],"wp:term":[{"taxonomy":"category","embeddable":true,"href":"https:\/\/association360.ch\/trans\/wp-json\/wp\/v2\/categories?post=3657"},{"taxonomy":"post_tag","embeddable":true,"href":"https:\/\/association360.ch\/trans\/wp-json\/wp\/v2\/tags?post=3657"}],"curies":[{"name":"wp","href":"https:\/\/api.w.org\/{rel}","templated":true}]}}